{"id":32199,"date":"2017-07-10T22:52:58","date_gmt":"2017-07-10T20:52:58","guid":{"rendered":"http:\/\/www.syenlap.dk\/?p=32199"},"modified":"2017-07-10T22:52:58","modified_gmt":"2017-07-10T20:52:58","slug":"saa-er-jeg-klar","status":"publish","type":"post","link":"http:\/\/www.syenlap.dk\/?p=32199","title":{"rendered":"S\u00e5 er jeg klar&#8230;"},"content":{"rendered":"<p>&#8230;til at holde ferie!<\/p>\n<p><a href=\"http:\/\/www.syenlap.dk\/?attachment_id=32201\" rel=\"attachment wp-att-32201\"><img loading=\"lazy\" decoding=\"async\" class=\"alignright size-full wp-image-32201\" src=\"http:\/\/www.syenlap.dk\/wp-content\/uploads\/2017\/07\/sytaske2.jpg\" alt=\"\" width=\"600\" height=\"411\" srcset=\"http:\/\/www.syenlap.dk\/wp-content\/uploads\/2017\/07\/sytaske2.jpg 600w, http:\/\/www.syenlap.dk\/wp-content\/uploads\/2017\/07\/sytaske2-300x206.jpg 300w, http:\/\/www.syenlap.dk\/wp-content\/uploads\/2017\/07\/sytaske2-438x300.jpg 438w\" sizes=\"auto, (max-width: 600px) 100vw, 600px\" \/><\/a>Sytasken er pakket med sk\u00e5ret stof, skabeloner, tr\u00e5d og n\u00e5le, limstifter, fingerb\u00f8l og alt andet, der skal bruges til at sy blokke til et t\u00e6ppe. Alt undtagen saks &#8211; for det m\u00e5 jo ikke medbringes i flyet. Derimod en praktisk lille &#8220;medaljon&#8221; med kniv indeni, s\u00e5 man kan sk\u00e6re sin tr\u00e5d inde i hakkene, rigtig smart.<\/p>\n<p>S\u00e5vel medaljon-kniven som tasken er en for\u00e6ring fra Ann i Vancouver i 2003, da jeg var p\u00e5 vej til Filippinerne for at bes\u00f8ge min svigerdatters familie.<\/p>\n<p>Den er super praktisk, fylder ikke meget, men rummer mange ting, som jeg har brug for.<\/p>\n<p>Jeg har pakket det meste af dagen, gjort b\u00e5de sy- og strikket\u00f8j klart &#8211; og selvf\u00f8lgelig mit eget lette t\u00f8j, for det siges at v\u00e6re meget varmt i Spanien! Solbeskyttelse og after-sun-creme, badedragt (der er egen pool), ekstra briller, pillesorterings\u00e6sker er pakket, solhat &#8211; men det fylder ikke voldsomt meget.<\/p>\n<p>Og Dikis pakkenelliker er ogs\u00e5 samlet sammen og afleveret sammen med den dejlige hund (hvordan skal jeg dog undv\u00e6re ham?) hos naboen. Han har hele dagen v\u00e6ret klar over, at &#8220;noget&#8221; var under opsejling &#8211; men hvad? Det er sp\u00e6ndende, hvordan det g\u00e5r! Men de kender jo hinanden godt, og hun er vant til at passe hund. Han f\u00e5r endda afveksling, for i weekenden skal han bes\u00f8ge Bodil og BeBe!<\/p>\n<p>Jeg kom til at t\u00e6nke p\u00e5, at det er faktisk s\u00e5 l\u00e6nge siden som 2003 at jeg har v\u00e6ret p\u00e5 ferie i hele 14 dage! S\u00e5 det er ikke m\u00e6rkeligt, at jeg har v\u00e6ret lidt rundt p\u00e5 gulvet og har &#8220;pakket&#8221; i hovedet i mange dage.<\/p>\n<p>Men nu er det hele p\u00e5 plads! Jeg mangler kun at slukke og pakke PC&#8217;en!<\/p>\n<p>Godnat &#8211; det var godt, jeg holdt f\u00f8dselsdagen i weekenden. I dag har jeg f\u00e5et helt utroligt mange f\u00f8dselsdagshilsner pr. tlf. og p\u00e5 Facebook, tusind tak, det var dejligt!<\/p>\n","protected":false},"excerpt":{"rendered":"<p>&#8230;til at holde ferie! Sytasken er pakket med sk\u00e5ret stof, skabeloner, tr\u00e5d og n\u00e5le, limstifter, fingerb\u00f8l og alt andet, der skal bruges til at sy blokke til et t\u00e6ppe. Alt undtagen saks &#8211; for det m\u00e5 jo ikke medbringes i &hellip; <a href=\"http:\/\/www.syenlap.dk\/?p=32199\">L\u00e6s resten <span class=\"meta-nav\">&rarr;<\/span><\/a><\/p>\n","protected":false},"author":2,"featured_media":0,"comment_status":"open","ping_status":"open","sticky":false,"template":"","format":"standard","meta":{"footnotes":""},"categories":[68,5],"tags":[],"class_list":["post-32199","post","type-post","status-publish","format-standard","hentry","category-de-sma-glaeder","category-familien"],"_links":{"self":[{"href":"http:\/\/www.syenlap.dk\/index.php?rest_route=\/wp\/v2\/posts\/32199","targetHints":{"allow":["GET"]}}],"collection":[{"href":"http:\/\/www.syenlap.dk\/index.php?rest_route=\/wp\/v2\/posts"}],"about":[{"href":"http:\/\/www.syenlap.dk\/index.php?rest_route=\/wp\/v2\/types\/post"}],"author":[{"embeddable":true,"href":"http:\/\/www.syenlap.dk\/index.php?rest_route=\/wp\/v2\/users\/2"}],"replies":[{"embeddable":true,"href":"http:\/\/www.syenlap.dk\/index.php?rest_route=%2Fwp%2Fv2%2Fcomments&post=32199"}],"version-history":[{"count":2,"href":"http:\/\/www.syenlap.dk\/index.php?rest_route=\/wp\/v2\/posts\/32199\/revisions"}],"predecessor-version":[{"id":32203,"href":"http:\/\/www.syenlap.dk\/index.php?rest_route=\/wp\/v2\/posts\/32199\/revisions\/32203"}],"wp:attachment":[{"href":"http:\/\/www.syenlap.dk\/index.php?rest_route=%2Fwp%2Fv2%2Fmedia&parent=32199"}],"wp:term":[{"taxonomy":"category","embeddable":true,"href":"http:\/\/www.syenlap.dk\/index.php?rest_route=%2Fwp%2Fv2%2Fcategories&post=32199"},{"taxonomy":"post_tag","embeddable":true,"href":"http:\/\/www.syenlap.dk\/index.php?rest_route=%2Fwp%2Fv2%2Ftags&post=32199"}],"curies":[{"name":"wp","href":"https:\/\/api.w.org\/{rel}","templated":true}]}}