{"id":32271,"date":"2017-07-16T10:48:41","date_gmt":"2017-07-16T08:48:41","guid":{"rendered":"http:\/\/www.syenlap.dk\/?p=32271"},"modified":"2017-07-16T10:48:41","modified_gmt":"2017-07-16T08:48:41","slug":"overskyet-loerdag","status":"publish","type":"post","link":"http:\/\/www.syenlap.dk\/?p=32271","title":{"rendered":"Overskyet l\u00f8rdag"},"content":{"rendered":"<p>Underligt at v\u00e5gne til en diset dag med fin fugt i luften, men det gjorde ikke noget.<\/p>\n<p>Vi k\u00f8rte til Malaga og bes\u00f8gte den Flotte Catedral, hvor familien havde v\u00e6ret f\u00f8r. I mellemtiden har Christian anskaffet sig et rigtig godt kamera, og at han er god til at bruge det, kan ses p\u00e5 f\u00f8lgende billeder (minimeret af mig til sk\u00e6rmbrug):<\/p>\n<div id=\"attachment_32276\" style=\"width: 610px\" class=\"wp-caption alignright\"><a href=\"http:\/\/www.syenlap.dk\/?attachment_id=32276\" rel=\"attachment wp-att-32276\"><img loading=\"lazy\" decoding=\"async\" aria-describedby=\"caption-attachment-32276\" class=\"wp-image-32276 size-full\" src=\"http:\/\/www.syenlap.dk\/wp-content\/uploads\/2017\/07\/150717-malaga-cathedral-1.jpg\" alt=\"\" width=\"600\" height=\"817\" srcset=\"http:\/\/www.syenlap.dk\/wp-content\/uploads\/2017\/07\/150717-malaga-cathedral-1.jpg 600w, http:\/\/www.syenlap.dk\/wp-content\/uploads\/2017\/07\/150717-malaga-cathedral-1-220x300.jpg 220w\" sizes=\"auto, (max-width: 600px) 100vw, 600px\" \/><\/a><p id=\"caption-attachment-32276\" class=\"wp-caption-text\">Foto: Christian Schr\u00f8der<\/p><\/div>\n<div id=\"attachment_32277\" style=\"width: 610px\" class=\"wp-caption alignright\"><a href=\"http:\/\/www.syenlap.dk\/?attachment_id=32277\" rel=\"attachment wp-att-32277\"><img loading=\"lazy\" decoding=\"async\" aria-describedby=\"caption-attachment-32277\" class=\"wp-image-32277 size-full\" src=\"http:\/\/www.syenlap.dk\/wp-content\/uploads\/2017\/07\/150717-malaga-cathedral-2.jpg\" alt=\"\" width=\"600\" height=\"400\" srcset=\"http:\/\/www.syenlap.dk\/wp-content\/uploads\/2017\/07\/150717-malaga-cathedral-2.jpg 600w, http:\/\/www.syenlap.dk\/wp-content\/uploads\/2017\/07\/150717-malaga-cathedral-2-300x200.jpg 300w, http:\/\/www.syenlap.dk\/wp-content\/uploads\/2017\/07\/150717-malaga-cathedral-2-450x300.jpg 450w\" sizes=\"auto, (max-width: 600px) 100vw, 600px\" \/><\/a><p id=\"caption-attachment-32277\" class=\"wp-caption-text\">Foto: Christian Schr\u00f8der<\/p><\/div>\n<div id=\"attachment_32278\" style=\"width: 610px\" class=\"wp-caption alignright\"><a href=\"http:\/\/www.syenlap.dk\/?attachment_id=32278\" rel=\"attachment wp-att-32278\"><img loading=\"lazy\" decoding=\"async\" aria-describedby=\"caption-attachment-32278\" class=\"wp-image-32278 size-full\" src=\"http:\/\/www.syenlap.dk\/wp-content\/uploads\/2017\/07\/150717-malaga-cathedral-3.jpg\" alt=\"\" width=\"600\" height=\"867\" srcset=\"http:\/\/www.syenlap.dk\/wp-content\/uploads\/2017\/07\/150717-malaga-cathedral-3.jpg 600w, http:\/\/www.syenlap.dk\/wp-content\/uploads\/2017\/07\/150717-malaga-cathedral-3-208x300.jpg 208w\" sizes=\"auto, (max-width: 600px) 100vw, 600px\" \/><\/a><p id=\"caption-attachment-32278\" class=\"wp-caption-text\">Foto: Christian Schr\u00f8der<\/p><\/div>\n<div id=\"attachment_32279\" style=\"width: 810px\" class=\"wp-caption alignright\"><a href=\"http:\/\/www.syenlap.dk\/?attachment_id=32279\" rel=\"attachment wp-att-32279\"><img loading=\"lazy\" decoding=\"async\" aria-describedby=\"caption-attachment-32279\" class=\"wp-image-32279 size-full\" src=\"http:\/\/www.syenlap.dk\/wp-content\/uploads\/2017\/07\/150717-malaga-cathedral-4.jpg\" alt=\"\" width=\"800\" height=\"533\" srcset=\"http:\/\/www.syenlap.dk\/wp-content\/uploads\/2017\/07\/150717-malaga-cathedral-4.jpg 800w, http:\/\/www.syenlap.dk\/wp-content\/uploads\/2017\/07\/150717-malaga-cathedral-4-300x200.jpg 300w, http:\/\/www.syenlap.dk\/wp-content\/uploads\/2017\/07\/150717-malaga-cathedral-4-768x512.jpg 768w, http:\/\/www.syenlap.dk\/wp-content\/uploads\/2017\/07\/150717-malaga-cathedral-4-450x300.jpg 450w\" sizes=\"auto, (max-width: 800px) 100vw, 800px\" \/><\/a><p id=\"caption-attachment-32279\" class=\"wp-caption-text\">Foto: Christian Schr\u00f8der<\/p><\/div>\n<div id=\"attachment_32280\" style=\"width: 810px\" class=\"wp-caption alignright\"><a href=\"http:\/\/www.syenlap.dk\/?attachment_id=32280\" rel=\"attachment wp-att-32280\"><img loading=\"lazy\" decoding=\"async\" aria-describedby=\"caption-attachment-32280\" class=\"wp-image-32280 size-full\" src=\"http:\/\/www.syenlap.dk\/wp-content\/uploads\/2017\/07\/150717-malaga-cathedral-5.jpg\" alt=\"\" width=\"800\" height=\"533\" srcset=\"http:\/\/www.syenlap.dk\/wp-content\/uploads\/2017\/07\/150717-malaga-cathedral-5.jpg 800w, http:\/\/www.syenlap.dk\/wp-content\/uploads\/2017\/07\/150717-malaga-cathedral-5-300x200.jpg 300w, http:\/\/www.syenlap.dk\/wp-content\/uploads\/2017\/07\/150717-malaga-cathedral-5-768x512.jpg 768w, http:\/\/www.syenlap.dk\/wp-content\/uploads\/2017\/07\/150717-malaga-cathedral-5-450x300.jpg 450w\" sizes=\"auto, (max-width: 800px) 100vw, 800px\" \/><\/a><p id=\"caption-attachment-32280\" class=\"wp-caption-text\">Foto: Christian Schr\u00f8der<\/p><\/div>\n<div id=\"attachment_32281\" style=\"width: 810px\" class=\"wp-caption alignright\"><a href=\"http:\/\/www.syenlap.dk\/?attachment_id=32281\" rel=\"attachment wp-att-32281\"><img loading=\"lazy\" decoding=\"async\" aria-describedby=\"caption-attachment-32281\" class=\"wp-image-32281 size-full\" src=\"http:\/\/www.syenlap.dk\/wp-content\/uploads\/2017\/07\/150717-malaga-cathedral-6.jpg\" alt=\"\" width=\"800\" height=\"1200\" srcset=\"http:\/\/www.syenlap.dk\/wp-content\/uploads\/2017\/07\/150717-malaga-cathedral-6.jpg 800w, http:\/\/www.syenlap.dk\/wp-content\/uploads\/2017\/07\/150717-malaga-cathedral-6-200x300.jpg 200w, http:\/\/www.syenlap.dk\/wp-content\/uploads\/2017\/07\/150717-malaga-cathedral-6-768x1152.jpg 768w, http:\/\/www.syenlap.dk\/wp-content\/uploads\/2017\/07\/150717-malaga-cathedral-6-683x1024.jpg 683w\" sizes=\"auto, (max-width: 800px) 100vw, 800px\" \/><\/a><p id=\"caption-attachment-32281\" class=\"wp-caption-text\">Foto: Christian Schr\u00f8der<\/p><\/div>\n<p>Utroligt smukt!<\/p>\n<p><a href=\"http:\/\/www.syenlap.dk\/?attachment_id=32275\" rel=\"attachment wp-att-32275\"><img loading=\"lazy\" decoding=\"async\" class=\"alignright size-full wp-image-32275\" src=\"http:\/\/www.syenlap.dk\/wp-content\/uploads\/2017\/07\/150717-dunkin-coffee.jpg\" alt=\"\" width=\"600\" height=\"450\" srcset=\"http:\/\/www.syenlap.dk\/wp-content\/uploads\/2017\/07\/150717-dunkin-coffee.jpg 600w, http:\/\/www.syenlap.dk\/wp-content\/uploads\/2017\/07\/150717-dunkin-coffee-300x225.jpg 300w, http:\/\/www.syenlap.dk\/wp-content\/uploads\/2017\/07\/150717-dunkin-coffee-400x300.jpg 400w\" sizes=\"auto, (max-width: 600px) 100vw, 600px\" \/><\/a> <a href=\"http:\/\/www.syenlap.dk\/?attachment_id=32274\" rel=\"attachment wp-att-32274\"><img loading=\"lazy\" decoding=\"async\" class=\"alignright size-full wp-image-32274\" src=\"http:\/\/www.syenlap.dk\/wp-content\/uploads\/2017\/07\/150717-dunkin-coffee-2.jpg\" alt=\"\" width=\"600\" height=\"696\" srcset=\"http:\/\/www.syenlap.dk\/wp-content\/uploads\/2017\/07\/150717-dunkin-coffee-2.jpg 600w, http:\/\/www.syenlap.dk\/wp-content\/uploads\/2017\/07\/150717-dunkin-coffee-2-259x300.jpg 259w\" sizes=\"auto, (max-width: 600px) 100vw, 600px\" \/><\/a>Efterf\u00f8lgende shoppede vi lidt &#8211; uden at k\u00f8be noget, men Christina kigger p\u00e5 sm\u00e5 rygs\u00e6kke &#8211; og har set mange! Nu var solen og varmen kommet igen, s\u00e5 det var tid til is-kaffe = Dunkin Coffee med forskellige donuts, uhm l\u00e6kkert!<\/p>\n<p>P\u00e5 vejen hjem k\u00f8bte vi ind i vores yndlings supermarked til aftensmad hjemme, bl.a. en anden slags Sangria, Serrano skinke og melon, salat, tomater, Mozarella og disse helt vidunderlige k\u00e6mperejer, som jeg meget gerne piller til alle:<\/p>\n<div id=\"attachment_32282\" style=\"width: 610px\" class=\"wp-caption alignright\"><a href=\"http:\/\/www.syenlap.dk\/?attachment_id=32282\" rel=\"attachment wp-att-32282\"><img loading=\"lazy\" decoding=\"async\" aria-describedby=\"caption-attachment-32282\" class=\"wp-image-32282 size-full\" src=\"http:\/\/www.syenlap.dk\/wp-content\/uploads\/2017\/07\/150717-rejer.jpg\" alt=\"\" width=\"600\" height=\"458\" srcset=\"http:\/\/www.syenlap.dk\/wp-content\/uploads\/2017\/07\/150717-rejer.jpg 600w, http:\/\/www.syenlap.dk\/wp-content\/uploads\/2017\/07\/150717-rejer-300x229.jpg 300w, http:\/\/www.syenlap.dk\/wp-content\/uploads\/2017\/07\/150717-rejer-393x300.jpg 393w\" sizes=\"auto, (max-width: 600px) 100vw, 600px\" \/><\/a><p id=\"caption-attachment-32282\" class=\"wp-caption-text\">Foto: Jan Schr\u00f8der<\/p><\/div>\n<p>Senere k\u00f8rte Christian og hans Far en tur for at tage landskabsbilleder omkring &#8220;vores&#8221; domicil:<\/p>\n<div id=\"attachment_32273\" style=\"width: 810px\" class=\"wp-caption alignright\"><a href=\"http:\/\/www.syenlap.dk\/?attachment_id=32273\" rel=\"attachment wp-att-32273\"><img loading=\"lazy\" decoding=\"async\" aria-describedby=\"caption-attachment-32273\" class=\"wp-image-32273 size-full\" src=\"http:\/\/www.syenlap.dk\/wp-content\/uploads\/2017\/07\/150717-casa-contares.jpg\" alt=\"\" width=\"800\" height=\"533\" srcset=\"http:\/\/www.syenlap.dk\/wp-content\/uploads\/2017\/07\/150717-casa-contares.jpg 800w, http:\/\/www.syenlap.dk\/wp-content\/uploads\/2017\/07\/150717-casa-contares-300x200.jpg 300w, http:\/\/www.syenlap.dk\/wp-content\/uploads\/2017\/07\/150717-casa-contares-768x512.jpg 768w, http:\/\/www.syenlap.dk\/wp-content\/uploads\/2017\/07\/150717-casa-contares-450x300.jpg 450w\" sizes=\"auto, (max-width: 800px) 100vw, 800px\" \/><\/a><p id=\"caption-attachment-32273\" class=\"wp-caption-text\">Foto: Christian Schr\u00f8der<\/p><\/div>\n","protected":false},"excerpt":{"rendered":"<p>Underligt at v\u00e5gne til en diset dag med fin fugt i luften, men det gjorde ikke noget. Vi k\u00f8rte til Malaga og bes\u00f8gte den Flotte Catedral, hvor familien havde v\u00e6ret f\u00f8r. I mellemtiden har Christian anskaffet sig et rigtig godt &hellip; <a href=\"http:\/\/www.syenlap.dk\/?p=32271\">L\u00e6s resten <span class=\"meta-nav\">&rarr;<\/span><\/a><\/p>\n","protected":false},"author":2,"featured_media":0,"comment_status":"open","ping_status":"open","sticky":false,"template":"","format":"standard","meta":{"footnotes":""},"categories":[68,5,12],"tags":[],"class_list":["post-32271","post","type-post","status-publish","format-standard","hentry","category-de-sma-glaeder","category-familien","category-oplevelser"],"_links":{"self":[{"href":"http:\/\/www.syenlap.dk\/index.php?rest_route=\/wp\/v2\/posts\/32271","targetHints":{"allow":["GET"]}}],"collection":[{"href":"http:\/\/www.syenlap.dk\/index.php?rest_route=\/wp\/v2\/posts"}],"about":[{"href":"http:\/\/www.syenlap.dk\/index.php?rest_route=\/wp\/v2\/types\/post"}],"author":[{"embeddable":true,"href":"http:\/\/www.syenlap.dk\/index.php?rest_route=\/wp\/v2\/users\/2"}],"replies":[{"embeddable":true,"href":"http:\/\/www.syenlap.dk\/index.php?rest_route=%2Fwp%2Fv2%2Fcomments&post=32271"}],"version-history":[{"count":2,"href":"http:\/\/www.syenlap.dk\/index.php?rest_route=\/wp\/v2\/posts\/32271\/revisions"}],"predecessor-version":[{"id":32283,"href":"http:\/\/www.syenlap.dk\/index.php?rest_route=\/wp\/v2\/posts\/32271\/revisions\/32283"}],"wp:attachment":[{"href":"http:\/\/www.syenlap.dk\/index.php?rest_route=%2Fwp%2Fv2%2Fmedia&parent=32271"}],"wp:term":[{"taxonomy":"category","embeddable":true,"href":"http:\/\/www.syenlap.dk\/index.php?rest_route=%2Fwp%2Fv2%2Fcategories&post=32271"},{"taxonomy":"post_tag","embeddable":true,"href":"http:\/\/www.syenlap.dk\/index.php?rest_route=%2Fwp%2Fv2%2Ftags&post=32271"}],"curies":[{"name":"wp","href":"https:\/\/api.w.org\/{rel}","templated":true}]}}