{"id":32304,"date":"2017-07-17T18:57:49","date_gmt":"2017-07-17T16:57:49","guid":{"rendered":"http:\/\/www.syenlap.dk\/?p=32304"},"modified":"2017-07-17T18:57:49","modified_gmt":"2017-07-17T16:57:49","slug":"flere-billeder-fra-ronda","status":"publish","type":"post","link":"http:\/\/www.syenlap.dk\/?p=32304","title":{"rendered":"Flere billeder fra Ronda"},"content":{"rendered":"<p>Jeg fik lov at l\u00e5ne lidt flere billeder fra den smukke by Ronda af Christian, som har et super godt kamera og er rigtig god til at bruge det.<\/p>\n<div id=\"attachment_32305\" style=\"width: 610px\" class=\"wp-caption alignright\"><a href=\"http:\/\/www.syenlap.dk\/?attachment_id=32305\" rel=\"attachment wp-att-32305\"><img loading=\"lazy\" decoding=\"async\" aria-describedby=\"caption-attachment-32305\" class=\"wp-image-32305 size-full\" src=\"http:\/\/www.syenlap.dk\/wp-content\/uploads\/2017\/07\/16072017-ronda-11.jpg\" alt=\"\" width=\"600\" height=\"475\" srcset=\"http:\/\/www.syenlap.dk\/wp-content\/uploads\/2017\/07\/16072017-ronda-11.jpg 600w, http:\/\/www.syenlap.dk\/wp-content\/uploads\/2017\/07\/16072017-ronda-11-300x238.jpg 300w, http:\/\/www.syenlap.dk\/wp-content\/uploads\/2017\/07\/16072017-ronda-11-379x300.jpg 379w\" sizes=\"auto, (max-width: 600px) 100vw, 600px\" \/><\/a><p id=\"caption-attachment-32305\" class=\"wp-caption-text\">Foto: Jan Schr\u00f8der<\/p><\/div>\n<p>Fra h\u00f8jre foran slugten, der deler byen Ronda: Christian, svigerdatter Leonor, Christina og Farmor&#8217;en.<\/p>\n<div id=\"attachment_32306\" style=\"width: 810px\" class=\"wp-caption aligncenter\"><a href=\"http:\/\/www.syenlap.dk\/?attachment_id=32306\" rel=\"attachment wp-att-32306\"><img loading=\"lazy\" decoding=\"async\" aria-describedby=\"caption-attachment-32306\" class=\"wp-image-32306 size-full\" src=\"http:\/\/www.syenlap.dk\/wp-content\/uploads\/2017\/07\/16072017-ronda-12.jpg\" alt=\"\" width=\"800\" height=\"533\" srcset=\"http:\/\/www.syenlap.dk\/wp-content\/uploads\/2017\/07\/16072017-ronda-12.jpg 800w, http:\/\/www.syenlap.dk\/wp-content\/uploads\/2017\/07\/16072017-ronda-12-300x200.jpg 300w, http:\/\/www.syenlap.dk\/wp-content\/uploads\/2017\/07\/16072017-ronda-12-768x512.jpg 768w, http:\/\/www.syenlap.dk\/wp-content\/uploads\/2017\/07\/16072017-ronda-12-450x300.jpg 450w\" sizes=\"auto, (max-width: 800px) 100vw, 800px\" \/><\/a><p id=\"caption-attachment-32306\" class=\"wp-caption-text\">Foto: Christian Schr\u00f8der<\/p><\/div>\n<p>Udsigts-pavillonen fra den anden side af slugten.<\/p>\n<div id=\"attachment_32307\" style=\"width: 610px\" class=\"wp-caption alignright\"><a href=\"http:\/\/www.syenlap.dk\/?attachment_id=32307\" rel=\"attachment wp-att-32307\"><img loading=\"lazy\" decoding=\"async\" aria-describedby=\"caption-attachment-32307\" class=\"wp-image-32307 size-full\" src=\"http:\/\/www.syenlap.dk\/wp-content\/uploads\/2017\/07\/16072017-ronda-13.jpg\" alt=\"\" width=\"600\" height=\"900\" srcset=\"http:\/\/www.syenlap.dk\/wp-content\/uploads\/2017\/07\/16072017-ronda-13.jpg 600w, http:\/\/www.syenlap.dk\/wp-content\/uploads\/2017\/07\/16072017-ronda-13-200x300.jpg 200w\" sizes=\"auto, (max-width: 600px) 100vw, 600px\" \/><\/a><p id=\"caption-attachment-32307\" class=\"wp-caption-text\">Foto: Christian Schr\u00f8der<\/p><\/div>\n<p>Fra den anden side af broen &#8211; &#8220;pigerne&#8221; st\u00e5r i den br\u00e6ndende sol p\u00e5 den anden side.<\/p>\n<div id=\"attachment_32308\" style=\"width: 610px\" class=\"wp-caption alignright\"><a href=\"http:\/\/www.syenlap.dk\/?attachment_id=32308\" rel=\"attachment wp-att-32308\"><img loading=\"lazy\" decoding=\"async\" aria-describedby=\"caption-attachment-32308\" class=\"wp-image-32308 size-full\" src=\"http:\/\/www.syenlap.dk\/wp-content\/uploads\/2017\/07\/16072017-ronda-14.jpg\" alt=\"\" width=\"600\" height=\"900\" srcset=\"http:\/\/www.syenlap.dk\/wp-content\/uploads\/2017\/07\/16072017-ronda-14.jpg 600w, http:\/\/www.syenlap.dk\/wp-content\/uploads\/2017\/07\/16072017-ronda-14-200x300.jpg 200w\" sizes=\"auto, (max-width: 600px) 100vw, 600px\" \/><\/a><p id=\"caption-attachment-32308\" class=\"wp-caption-text\">Foto: Christian Schr\u00f8der<\/p><\/div>\n<p>Ufatteligt smukt &#8220;fra den anden side&#8221;.<\/p>\n<div id=\"attachment_32309\" style=\"width: 810px\" class=\"wp-caption alignright\"><a href=\"http:\/\/www.syenlap.dk\/?attachment_id=32309\" rel=\"attachment wp-att-32309\"><img loading=\"lazy\" decoding=\"async\" aria-describedby=\"caption-attachment-32309\" class=\"wp-image-32309 size-full\" src=\"http:\/\/www.syenlap.dk\/wp-content\/uploads\/2017\/07\/16072017-ronda-15.jpg\" alt=\"\" width=\"800\" height=\"533\" srcset=\"http:\/\/www.syenlap.dk\/wp-content\/uploads\/2017\/07\/16072017-ronda-15.jpg 800w, http:\/\/www.syenlap.dk\/wp-content\/uploads\/2017\/07\/16072017-ronda-15-300x200.jpg 300w, http:\/\/www.syenlap.dk\/wp-content\/uploads\/2017\/07\/16072017-ronda-15-768x512.jpg 768w, http:\/\/www.syenlap.dk\/wp-content\/uploads\/2017\/07\/16072017-ronda-15-450x300.jpg 450w\" sizes=\"auto, (max-width: 800px) 100vw, 800px\" \/><\/a><p id=\"caption-attachment-32309\" class=\"wp-caption-text\">Foto: Christian Schr\u00f8der<\/p><\/div>\n<p>Hjemturen ad snoede veje gennem bjergene fra Ronda til Alora.<\/p>\n","protected":false},"excerpt":{"rendered":"<p>Jeg fik lov at l\u00e5ne lidt flere billeder fra den smukke by Ronda af Christian, som har et super godt kamera og er rigtig god til at bruge det. Fra h\u00f8jre foran slugten, der deler byen Ronda: Christian, svigerdatter Leonor, &hellip; <a href=\"http:\/\/www.syenlap.dk\/?p=32304\">L\u00e6s resten <span class=\"meta-nav\">&rarr;<\/span><\/a><\/p>\n","protected":false},"author":2,"featured_media":0,"comment_status":"open","ping_status":"open","sticky":false,"template":"","format":"standard","meta":{"footnotes":""},"categories":[5,12],"tags":[],"class_list":["post-32304","post","type-post","status-publish","format-standard","hentry","category-familien","category-oplevelser"],"_links":{"self":[{"href":"http:\/\/www.syenlap.dk\/index.php?rest_route=\/wp\/v2\/posts\/32304","targetHints":{"allow":["GET"]}}],"collection":[{"href":"http:\/\/www.syenlap.dk\/index.php?rest_route=\/wp\/v2\/posts"}],"about":[{"href":"http:\/\/www.syenlap.dk\/index.php?rest_route=\/wp\/v2\/types\/post"}],"author":[{"embeddable":true,"href":"http:\/\/www.syenlap.dk\/index.php?rest_route=\/wp\/v2\/users\/2"}],"replies":[{"embeddable":true,"href":"http:\/\/www.syenlap.dk\/index.php?rest_route=%2Fwp%2Fv2%2Fcomments&post=32304"}],"version-history":[{"count":3,"href":"http:\/\/www.syenlap.dk\/index.php?rest_route=\/wp\/v2\/posts\/32304\/revisions"}],"predecessor-version":[{"id":32312,"href":"http:\/\/www.syenlap.dk\/index.php?rest_route=\/wp\/v2\/posts\/32304\/revisions\/32312"}],"wp:attachment":[{"href":"http:\/\/www.syenlap.dk\/index.php?rest_route=%2Fwp%2Fv2%2Fmedia&parent=32304"}],"wp:term":[{"taxonomy":"category","embeddable":true,"href":"http:\/\/www.syenlap.dk\/index.php?rest_route=%2Fwp%2Fv2%2Fcategories&post=32304"},{"taxonomy":"post_tag","embeddable":true,"href":"http:\/\/www.syenlap.dk\/index.php?rest_route=%2Fwp%2Fv2%2Ftags&post=32304"}],"curies":[{"name":"wp","href":"https:\/\/api.w.org\/{rel}","templated":true}]}}