{"id":32393,"date":"2017-07-22T21:00:59","date_gmt":"2017-07-22T19:00:59","guid":{"rendered":"http:\/\/www.syenlap.dk\/?p=32393"},"modified":"2017-07-23T08:18:50","modified_gmt":"2017-07-23T06:18:50","slug":"og-flere-tasker","status":"publish","type":"post","link":"http:\/\/www.syenlap.dk\/?p=32393","title":{"rendered":"Og flere tasker !!!"},"content":{"rendered":"<p>Det stoppede alligevel ikke ved de dyre tasker i g\u00e5r!<\/p>\n<p>Vi var p\u00e5 marked i Malaga for at k\u00f8be mandler mm til at tage med hjem, og s\u00e5 skulle vi selvf\u00f8lgelig lige drysse lidt rundt og snuse i butikkerne.<\/p>\n<p><a href=\"http:\/\/www.syenlap.dk\/?attachment_id=32396\" rel=\"attachment wp-att-32396\"><img loading=\"lazy\" decoding=\"async\" class=\"alignright size-full wp-image-32396\" src=\"http:\/\/www.syenlap.dk\/wp-content\/uploads\/2017\/07\/220717-tasker.jpg\" alt=\"\" width=\"800\" height=\"451\" srcset=\"http:\/\/www.syenlap.dk\/wp-content\/uploads\/2017\/07\/220717-tasker.jpg 800w, http:\/\/www.syenlap.dk\/wp-content\/uploads\/2017\/07\/220717-tasker-300x169.jpg 300w, http:\/\/www.syenlap.dk\/wp-content\/uploads\/2017\/07\/220717-tasker-768x433.jpg 768w, http:\/\/www.syenlap.dk\/wp-content\/uploads\/2017\/07\/220717-tasker-500x282.jpg 500w\" sizes=\"auto, (max-width: 800px) 100vw, 800px\" \/><\/a><\/p>\n<p>Der var en butik med tasker i overflod, som de ville vise mig &#8211; fra Christinas jagt p\u00e5 taske &#8211; den lykkedes det med lidt besv\u00e6r at finde igen i en af de mindre gader &#8211; og ja, den var da virkelig imponerende!<\/p>\n<p><a href=\"http:\/\/www.syenlap.dk\/?attachment_id=32395\" rel=\"attachment wp-att-32395\"><img loading=\"lazy\" decoding=\"async\" class=\"alignright size-full wp-image-32395\" src=\"http:\/\/www.syenlap.dk\/wp-content\/uploads\/2017\/07\/220717-tasker-2.jpg\" alt=\"\" width=\"800\" height=\"450\" srcset=\"http:\/\/www.syenlap.dk\/wp-content\/uploads\/2017\/07\/220717-tasker-2.jpg 800w, http:\/\/www.syenlap.dk\/wp-content\/uploads\/2017\/07\/220717-tasker-2-300x169.jpg 300w, http:\/\/www.syenlap.dk\/wp-content\/uploads\/2017\/07\/220717-tasker-2-768x432.jpg 768w, http:\/\/www.syenlap.dk\/wp-content\/uploads\/2017\/07\/220717-tasker-2-500x281.jpg 500w\" sizes=\"auto, (max-width: 800px) 100vw, 800px\" \/><\/a>Og s\u00e5 endte det med, at Christina og jeg faldt for samme model, men hver sin farve, i lille (ikke ret dyr) sommertaske!<\/p>\n<p><a href=\"http:\/\/www.syenlap.dk\/?attachment_id=32394\" rel=\"attachment wp-att-32394\"><img loading=\"lazy\" decoding=\"async\" class=\"alignright size-full wp-image-32394\" src=\"http:\/\/www.syenlap.dk\/wp-content\/uploads\/2017\/07\/220717-christina-og-hannes-tasker.jpg\" alt=\"\" width=\"600\" height=\"338\" srcset=\"http:\/\/www.syenlap.dk\/wp-content\/uploads\/2017\/07\/220717-christina-og-hannes-tasker.jpg 600w, http:\/\/www.syenlap.dk\/wp-content\/uploads\/2017\/07\/220717-christina-og-hannes-tasker-300x169.jpg 300w, http:\/\/www.syenlap.dk\/wp-content\/uploads\/2017\/07\/220717-christina-og-hannes-tasker-500x282.jpg 500w\" sizes=\"auto, (max-width: 600px) 100vw, 600px\" \/><\/a>Og g\u00e6t nu lige, hvis der er hvis? (Svar til slut i dette indl\u00e6g)<\/p>\n<p>Jeg fik en s\u00e6rlig oplevelse, mens jeg ventede p\u00e5, at de kiggede i skobutikker. For midt p\u00e5 gaden stod den samme sangerinde, som vi forleden s\u00e5 og h\u00f8rte ved Malaga Cathedral, en gade sangerinde &#8211; men du godeste en stemme! Hun sang opera med en sk\u00f8n klar sopran, med en getthoblaster som akkompagnement, og man kunne l\u00e6gge penge p\u00e5 bordet ved siden af hende, men Christina var v\u00e5gen og s\u00e5, at hun ogs\u00e5 solgte CD&#8217;er! S\u00e5dan \u00e9n m\u00e5tte jeg eje!<\/p>\n<p>Svar p\u00e5 taskerne: Den smukke brune er teenageren Christinas &#8211; og den r\u00e5hvide er den gamle Farmors!<\/p>\n","protected":false},"excerpt":{"rendered":"<p>Det stoppede alligevel ikke ved de dyre tasker i g\u00e5r! Vi var p\u00e5 marked i Malaga for at k\u00f8be mandler mm til at tage med hjem, og s\u00e5 skulle vi selvf\u00f8lgelig lige drysse lidt rundt og snuse i butikkerne. Der &hellip; <a href=\"http:\/\/www.syenlap.dk\/?p=32393\">L\u00e6s resten <span class=\"meta-nav\">&rarr;<\/span><\/a><\/p>\n","protected":false},"author":2,"featured_media":0,"comment_status":"open","ping_status":"open","sticky":false,"template":"","format":"standard","meta":{"footnotes":""},"categories":[5,12],"tags":[],"class_list":["post-32393","post","type-post","status-publish","format-standard","hentry","category-familien","category-oplevelser"],"_links":{"self":[{"href":"http:\/\/www.syenlap.dk\/index.php?rest_route=\/wp\/v2\/posts\/32393","targetHints":{"allow":["GET"]}}],"collection":[{"href":"http:\/\/www.syenlap.dk\/index.php?rest_route=\/wp\/v2\/posts"}],"about":[{"href":"http:\/\/www.syenlap.dk\/index.php?rest_route=\/wp\/v2\/types\/post"}],"author":[{"embeddable":true,"href":"http:\/\/www.syenlap.dk\/index.php?rest_route=\/wp\/v2\/users\/2"}],"replies":[{"embeddable":true,"href":"http:\/\/www.syenlap.dk\/index.php?rest_route=%2Fwp%2Fv2%2Fcomments&post=32393"}],"version-history":[{"count":3,"href":"http:\/\/www.syenlap.dk\/index.php?rest_route=\/wp\/v2\/posts\/32393\/revisions"}],"predecessor-version":[{"id":32399,"href":"http:\/\/www.syenlap.dk\/index.php?rest_route=\/wp\/v2\/posts\/32393\/revisions\/32399"}],"wp:attachment":[{"href":"http:\/\/www.syenlap.dk\/index.php?rest_route=%2Fwp%2Fv2%2Fmedia&parent=32393"}],"wp:term":[{"taxonomy":"category","embeddable":true,"href":"http:\/\/www.syenlap.dk\/index.php?rest_route=%2Fwp%2Fv2%2Fcategories&post=32393"},{"taxonomy":"post_tag","embeddable":true,"href":"http:\/\/www.syenlap.dk\/index.php?rest_route=%2Fwp%2Fv2%2Ftags&post=32393"}],"curies":[{"name":"wp","href":"https:\/\/api.w.org\/{rel}","templated":true}]}}