{"id":32413,"date":"2017-07-24T17:54:16","date_gmt":"2017-07-24T15:54:16","guid":{"rendered":"http:\/\/www.syenlap.dk\/?p=32413"},"modified":"2017-07-25T14:47:37","modified_gmt":"2017-07-25T12:47:37","slug":"sidste-indlaeg-fra-casa-cantarres","status":"publish","type":"post","link":"http:\/\/www.syenlap.dk\/?p=32413","title":{"rendered":"Sidste indl\u00e6g fra Casa Cantares"},"content":{"rendered":"<p>Stadig i dr\u00f8nende varme og med en vis vemod er vi nu n\u00e6sten f\u00e6rdige med at pakke. S\u00f8nnen er fantastisk til at pakke, ethvert hulrum bliver fyldt ud med lidt t\u00f8j, \u00e9n kuffert rummer alle flasker og tuber med v\u00e6dsker og cremer, pakket i hver sin plastikpose og lagt mellem \u00e6sker med spil, (nye) indpakkede h\u00e5ndtasker, sko mm. Vi har hver sin lille kabinekuffert, som ikke m\u00e5 rumme v\u00e6dsker + en skuldertaske med en bog, pc, h\u00e5ndarbejde (uden saks) el.a., som skal kunne l\u00e6gges op p\u00e5 b\u00e5ndet til scanning.<\/p>\n<p>Alle kufferter bliver vejet, ting flyttes fra \u00e9n kuffert til en anden, s\u00e5 ingen af dem vejer for meget. Toiletsager vejes med, s\u00e5 de kan l\u00e6gges i i morgen meget tidligt (kl 4), hvor vi k\u00f8rer til lufthavn og biludlejning.<\/p>\n<p><a href=\"http:\/\/www.syenlap.dk\/?attachment_id=32414\" rel=\"attachment wp-att-32414\"><img loading=\"lazy\" decoding=\"async\" class=\"alignright size-full wp-image-32414\" src=\"http:\/\/www.syenlap.dk\/wp-content\/uploads\/2017\/07\/240717-2.jpg\" alt=\"\" width=\"600\" height=\"749\" srcset=\"http:\/\/www.syenlap.dk\/wp-content\/uploads\/2017\/07\/240717-2.jpg 600w, http:\/\/www.syenlap.dk\/wp-content\/uploads\/2017\/07\/240717-2-240x300.jpg 240w\" sizes=\"auto, (max-width: 600px) 100vw, 600px\" \/><\/a><\/p>\n<p>Den allersidste udflugt til et marked, hvor vi ikke kunne finde P-plads sidste mandag, k\u00f8rte vi i formiddags &#8211; hvor der blev handlet et par gaver &#8211; g\u00e6t hvad? (en taske og et par bukser).<\/p>\n<p><a href=\"http:\/\/www.syenlap.dk\/?attachment_id=32415\" rel=\"attachment wp-att-32415\"><img loading=\"lazy\" decoding=\"async\" class=\"alignright size-full wp-image-32415\" src=\"http:\/\/www.syenlap.dk\/wp-content\/uploads\/2017\/07\/240717.jpg\" alt=\"\" width=\"600\" height=\"791\" srcset=\"http:\/\/www.syenlap.dk\/wp-content\/uploads\/2017\/07\/240717.jpg 600w, http:\/\/www.syenlap.dk\/wp-content\/uploads\/2017\/07\/240717-228x300.jpg 228w\" sizes=\"auto, (max-width: 600px) 100vw, 600px\" \/><\/a><\/p>\n<p>Hjemk\u00f8rsel ad en bagvej med en utroligt flot udsigt over bjerge og dale, men skumplende, s\u00e5 det f\u00f8ltes som om noget ville ryste l\u00f8s!<\/p>\n<p><a href=\"http:\/\/www.syenlap.dk\/?attachment_id=32416\" rel=\"attachment wp-att-32416\"><img loading=\"lazy\" decoding=\"async\" class=\"alignright size-full wp-image-32416\" src=\"http:\/\/www.syenlap.dk\/wp-content\/uploads\/2017\/07\/201714-bil.jpg\" alt=\"\" width=\"600\" height=\"450\" srcset=\"http:\/\/www.syenlap.dk\/wp-content\/uploads\/2017\/07\/201714-bil.jpg 600w, http:\/\/www.syenlap.dk\/wp-content\/uploads\/2017\/07\/201714-bil-300x225.jpg 300w, http:\/\/www.syenlap.dk\/wp-content\/uploads\/2017\/07\/201714-bil-400x300.jpg 400w\" sizes=\"auto, (max-width: 600px) 100vw, 600px\" \/><\/a><\/p>\n<p>Det er ellers en god bil, der har tjent os godt, der er god plads, ogs\u00e5 til k\u00f8restolen, som de 2 store &#8220;b\u00f8rn&#8221; sl\u00e6ber ud og ind af bilen for deres far.<\/p>\n<p>Den sidste sv\u00f8mmetur er desv\u00e6rre overst\u00e5et, den kunne jeg ellers godt bruge en mere af, men badet\u00f8jet er pakket ned, og jeg tror b\u00f8rneb\u00f8rnene ville blive noget forlegne, hvis jeg sv\u00f8mmede uden \ud83d\ude09 !<\/p>\n<p>Tak for ferien til familien, det har v\u00e6ret et sk\u00f8nt sted at v\u00e6re her ude mellem bjergene med langt til alting! Og jeg har (n\u00e6sten) v\u00e6nnet mig til varmen!<\/p>\n<p>Nu gl\u00e6der jeg mig til at se Diki og h\u00f8re, hvordan, han har haft det!<\/p>\n","protected":false},"excerpt":{"rendered":"<p>Stadig i dr\u00f8nende varme og med en vis vemod er vi nu n\u00e6sten f\u00e6rdige med at pakke. S\u00f8nnen er fantastisk til at pakke, ethvert hulrum bliver fyldt ud med lidt t\u00f8j, \u00e9n kuffert rummer alle flasker og tuber med v\u00e6dsker &hellip; <a href=\"http:\/\/www.syenlap.dk\/?p=32413\">L\u00e6s resten <span class=\"meta-nav\">&rarr;<\/span><\/a><\/p>\n","protected":false},"author":2,"featured_media":0,"comment_status":"open","ping_status":"open","sticky":false,"template":"","format":"standard","meta":{"footnotes":""},"categories":[5,12],"tags":[],"class_list":["post-32413","post","type-post","status-publish","format-standard","hentry","category-familien","category-oplevelser"],"_links":{"self":[{"href":"http:\/\/www.syenlap.dk\/index.php?rest_route=\/wp\/v2\/posts\/32413","targetHints":{"allow":["GET"]}}],"collection":[{"href":"http:\/\/www.syenlap.dk\/index.php?rest_route=\/wp\/v2\/posts"}],"about":[{"href":"http:\/\/www.syenlap.dk\/index.php?rest_route=\/wp\/v2\/types\/post"}],"author":[{"embeddable":true,"href":"http:\/\/www.syenlap.dk\/index.php?rest_route=\/wp\/v2\/users\/2"}],"replies":[{"embeddable":true,"href":"http:\/\/www.syenlap.dk\/index.php?rest_route=%2Fwp%2Fv2%2Fcomments&post=32413"}],"version-history":[{"count":4,"href":"http:\/\/www.syenlap.dk\/index.php?rest_route=\/wp\/v2\/posts\/32413\/revisions"}],"predecessor-version":[{"id":32420,"href":"http:\/\/www.syenlap.dk\/index.php?rest_route=\/wp\/v2\/posts\/32413\/revisions\/32420"}],"wp:attachment":[{"href":"http:\/\/www.syenlap.dk\/index.php?rest_route=%2Fwp%2Fv2%2Fmedia&parent=32413"}],"wp:term":[{"taxonomy":"category","embeddable":true,"href":"http:\/\/www.syenlap.dk\/index.php?rest_route=%2Fwp%2Fv2%2Fcategories&post=32413"},{"taxonomy":"post_tag","embeddable":true,"href":"http:\/\/www.syenlap.dk\/index.php?rest_route=%2Fwp%2Fv2%2Ftags&post=32413"}],"curies":[{"name":"wp","href":"https:\/\/api.w.org\/{rel}","templated":true}]}}