{"id":32423,"date":"2017-07-25T15:17:02","date_gmt":"2017-07-25T13:17:02","guid":{"rendered":"http:\/\/www.syenlap.dk\/?p=32423"},"modified":"2017-07-25T20:44:02","modified_gmt":"2017-07-25T18:44:02","slug":"hjemme-igen-9","status":"publish","type":"post","link":"http:\/\/www.syenlap.dk\/?p=32423","title":{"rendered":"Hjemme igen"},"content":{"rendered":"<div id=\"attachment_32424\" style=\"width: 610px\" class=\"wp-caption aligncenter\"><a href=\"http:\/\/www.syenlap.dk\/?attachment_id=32424\" rel=\"attachment wp-att-32424\"><img loading=\"lazy\" decoding=\"async\" aria-describedby=\"caption-attachment-32424\" class=\"wp-image-32424 size-full\" src=\"http:\/\/www.syenlap.dk\/wp-content\/uploads\/2017\/07\/250717-diki-hjemme-igen.jpg\" alt=\"\" width=\"600\" height=\"466\" srcset=\"http:\/\/www.syenlap.dk\/wp-content\/uploads\/2017\/07\/250717-diki-hjemme-igen.jpg 600w, http:\/\/www.syenlap.dk\/wp-content\/uploads\/2017\/07\/250717-diki-hjemme-igen-300x233.jpg 300w, http:\/\/www.syenlap.dk\/wp-content\/uploads\/2017\/07\/250717-diki-hjemme-igen-386x300.jpg 386w\" sizes=\"auto, (max-width: 600px) 100vw, 600px\" \/><\/a><p id=\"caption-attachment-32424\" class=\"wp-caption-text\">Dejlige Diki havde ikke lyst til at blive fotograferet, s\u00e5 det blev lidt sl\u00f8ret i farten!<\/p><\/div>\n<p>S\u00e5 er vi hjemme igen, Diki og jeg &#8211; og sikke en velkomst jeg fik! Han var slet ikke til at styre, og jeg fik kys og kram i massevis &#8211; s\u00e5 dejligt!<\/p>\n<p>Jeg er slet ikke i tvivl om, at han har haft det fint, og naboen, som har passet ham n\u00e6sten alle 15 dage, fort\u00e6ller glad om b\u00e5de s\u00f8de og dejlige ting, samt f.eks., at han hopper op midt i sengen p\u00e5 maven af hende midt om natten! Det g\u00f8r han ikke herhjemme! Til geng\u00e6ld har hun l\u00e6rt ham ikke at rende nogen steder, n\u00e5r hun sidder ude i forhaven. Det er g\u00e5et s\u00e5 fint, og jeg tror, at hun ogs\u00e5 har nydt det!<\/p>\n<p>Og hun blev glad for den sorte taske med skulderrem, jeg havde k\u00f8bt til hende.<\/p>\n<p>Vaskemaskinen k\u00f8rer nu med f\u00f8rste hold t\u00f8j, det meste er pakket ud, men jeg mangler at hente det, der var pakket i f\u00e6lles kufferterne.<\/p>\n<p>Vi var oppe kl. 02.30 i Casa Cantares, b\u00f8rneb\u00f8rnene havde slet ikke sovet, de l\u00e5 p\u00e5 sofaerne i stuen, efter at deres v\u00e6relser var r\u00f8mmet. Jeg tog et bad og gik i seng kl 22, og det lykkedes ogs\u00e5 at sove lidt. Alt var pakket og klar til at s\u00e6tte ud i bilen, og kl 03 k\u00f8rte vi derfra. Det var godt at v\u00e6re i god tid, for der var \u00e5benbart mange tidlige afgange fra Malaga, s\u00e5 der var lang k\u00f8 for at f\u00e5 en kop te &#8211; lidt br\u00f8d havde vi selv med. S\u00f8nnen skulle jo liftes op i flyveren i k\u00f8restolen, s\u00e5 vi blev &#8220;prioriteret&#8221; uden om hele k\u00f8en i gaten &#8211; det var der nogen, der luftede deres utilfredshed med! Men det var jo en booking for lang tid siden, der tillod det, og hj\u00e6lpsomheden i begge lufthavne og flyet var stor! Det er jo ogs\u00e5 nemmere for flypersonalet at f\u00e5 ham p\u00e5 plads og k\u00f8restolen ned igen, s\u00e5 den kommer sidst ind og f\u00f8rst ud af bagagerummet.<\/p>\n<p>Den sidste varme fik jeg i lufthavnen, der var godt nok varmt s\u00e5 tidligt p\u00e5 morgenen, og jeg havde 1 h\u00e5ndkuffert og en taske at sl\u00e6be p\u00e5, s\u00e5 jeg var helt gennembl\u00f8dt. Varme kommer aldrig til at passe til min natur &#8211; det er \u00e6rgerligt, ogs\u00e5 for min familie, som har v\u00e6ret s\u00f8de til at tage hensyn, men s\u00e5dan er det!<\/p>\n<p>Det har v\u00e6ret en fantastisk ferie, og vi har set og oplevet meget, som jeg ellers aldrig ville have kommet til, det er jeg meget taknemmelig over!<\/p>\n<p>Og nu ligger Diki, som han plejer, lige ved siden af mig i sin kurv og snuer &#8211; han f\u00f8lger mig overalt og holder \u00f8je med mig! Vi skal ikke fra hinanden lige forel\u00f8big!<\/p>\n","protected":false},"excerpt":{"rendered":"<p>S\u00e5 er vi hjemme igen, Diki og jeg &#8211; og sikke en velkomst jeg fik! Han var slet ikke til at styre, og jeg fik kys og kram i massevis &#8211; s\u00e5 dejligt! Jeg er slet ikke i tvivl om, &hellip; <a href=\"http:\/\/www.syenlap.dk\/?p=32423\">L\u00e6s resten <span class=\"meta-nav\">&rarr;<\/span><\/a><\/p>\n","protected":false},"author":2,"featured_media":0,"comment_status":"open","ping_status":"open","sticky":false,"template":"","format":"standard","meta":{"footnotes":""},"categories":[4,12],"tags":[],"class_list":["post-32423","post","type-post","status-publish","format-standard","hentry","category-dyr","category-oplevelser"],"_links":{"self":[{"href":"http:\/\/www.syenlap.dk\/index.php?rest_route=\/wp\/v2\/posts\/32423","targetHints":{"allow":["GET"]}}],"collection":[{"href":"http:\/\/www.syenlap.dk\/index.php?rest_route=\/wp\/v2\/posts"}],"about":[{"href":"http:\/\/www.syenlap.dk\/index.php?rest_route=\/wp\/v2\/types\/post"}],"author":[{"embeddable":true,"href":"http:\/\/www.syenlap.dk\/index.php?rest_route=\/wp\/v2\/users\/2"}],"replies":[{"embeddable":true,"href":"http:\/\/www.syenlap.dk\/index.php?rest_route=%2Fwp%2Fv2%2Fcomments&post=32423"}],"version-history":[{"count":2,"href":"http:\/\/www.syenlap.dk\/index.php?rest_route=\/wp\/v2\/posts\/32423\/revisions"}],"predecessor-version":[{"id":32426,"href":"http:\/\/www.syenlap.dk\/index.php?rest_route=\/wp\/v2\/posts\/32423\/revisions\/32426"}],"wp:attachment":[{"href":"http:\/\/www.syenlap.dk\/index.php?rest_route=%2Fwp%2Fv2%2Fmedia&parent=32423"}],"wp:term":[{"taxonomy":"category","embeddable":true,"href":"http:\/\/www.syenlap.dk\/index.php?rest_route=%2Fwp%2Fv2%2Fcategories&post=32423"},{"taxonomy":"post_tag","embeddable":true,"href":"http:\/\/www.syenlap.dk\/index.php?rest_route=%2Fwp%2Fv2%2Ftags&post=32423"}],"curies":[{"name":"wp","href":"https:\/\/api.w.org\/{rel}","templated":true}]}}