{"id":32694,"date":"2017-09-24T19:57:00","date_gmt":"2017-09-24T17:57:00","guid":{"rendered":"http:\/\/www.syenlap.dk\/?p=32694"},"modified":"2017-09-24T19:57:00","modified_gmt":"2017-09-24T17:57:00","slug":"tak-for-kommentarer","status":"publish","type":"post","link":"http:\/\/www.syenlap.dk\/?p=32694","title":{"rendered":"Tak for kommentarer!"},"content":{"rendered":"<p>Det er meget hyggeligt og sjovt, n\u00e5r jeg f\u00e5r s\u00e5 mange kommentarer &#8211; b\u00e5de her og p\u00e5 Facebook, og jeg har nu puslet lidt med mulighederne.<\/p>\n<p><a href=\"http:\/\/www.syenlap.dk\/?attachment_id=32695\" rel=\"attachment wp-att-32695\"><img loading=\"lazy\" decoding=\"async\" class=\"alignright size-full wp-image-32695\" src=\"http:\/\/www.syenlap.dk\/wp-content\/uploads\/2017\/09\/hidden-nine-patch-6.jpg\" alt=\"\" width=\"600\" height=\"447\" srcset=\"http:\/\/www.syenlap.dk\/wp-content\/uploads\/2017\/09\/hidden-nine-patch-6.jpg 600w, http:\/\/www.syenlap.dk\/wp-content\/uploads\/2017\/09\/hidden-nine-patch-6-300x224.jpg 300w, http:\/\/www.syenlap.dk\/wp-content\/uploads\/2017\/09\/hidden-nine-patch-6-403x300.jpg 403w\" sizes=\"auto, (max-width: 600px) 100vw, 600px\" \/><\/a>Jeg er sammen med flere kommet frem til noget i denne retning. M\u00e5ske skal den lyslilla t\u00e6ttest p\u00e5 den gr\u00f8nne v\u00e6k, s\u00e5 den gr\u00f8nne, smalle kant kommer t\u00e6t p\u00e5 lavendlerne. Det skal jeg pr\u00f8ve i morgen. Og s\u00e5 kan den lyslilla m\u00e5ske v\u00e6re lukkekant.<\/p>\n<p>Det er sjovt at lege! Ogs\u00e5 n\u00e5r nogle vil lege med!<\/p>\n","protected":false},"excerpt":{"rendered":"<p>Det er meget hyggeligt og sjovt, n\u00e5r jeg f\u00e5r s\u00e5 mange kommentarer &#8211; b\u00e5de her og p\u00e5 Facebook, og jeg har nu puslet lidt med mulighederne. Jeg er sammen med flere kommet frem til noget i denne retning. M\u00e5ske skal &hellip; <a href=\"http:\/\/www.syenlap.dk\/?p=32694\">L\u00e6s resten <span class=\"meta-nav\">&rarr;<\/span><\/a><\/p>\n","protected":false},"author":2,"featured_media":0,"comment_status":"open","ping_status":"open","sticky":false,"template":"","format":"standard","meta":{"footnotes":""},"categories":[68,15],"tags":[],"class_list":["post-32694","post","type-post","status-publish","format-standard","hentry","category-de-sma-glaeder","category-patchwork"],"_links":{"self":[{"href":"http:\/\/www.syenlap.dk\/index.php?rest_route=\/wp\/v2\/posts\/32694","targetHints":{"allow":["GET"]}}],"collection":[{"href":"http:\/\/www.syenlap.dk\/index.php?rest_route=\/wp\/v2\/posts"}],"about":[{"href":"http:\/\/www.syenlap.dk\/index.php?rest_route=\/wp\/v2\/types\/post"}],"author":[{"embeddable":true,"href":"http:\/\/www.syenlap.dk\/index.php?rest_route=\/wp\/v2\/users\/2"}],"replies":[{"embeddable":true,"href":"http:\/\/www.syenlap.dk\/index.php?rest_route=%2Fwp%2Fv2%2Fcomments&post=32694"}],"version-history":[{"count":1,"href":"http:\/\/www.syenlap.dk\/index.php?rest_route=\/wp\/v2\/posts\/32694\/revisions"}],"predecessor-version":[{"id":32696,"href":"http:\/\/www.syenlap.dk\/index.php?rest_route=\/wp\/v2\/posts\/32694\/revisions\/32696"}],"wp:attachment":[{"href":"http:\/\/www.syenlap.dk\/index.php?rest_route=%2Fwp%2Fv2%2Fmedia&parent=32694"}],"wp:term":[{"taxonomy":"category","embeddable":true,"href":"http:\/\/www.syenlap.dk\/index.php?rest_route=%2Fwp%2Fv2%2Fcategories&post=32694"},{"taxonomy":"post_tag","embeddable":true,"href":"http:\/\/www.syenlap.dk\/index.php?rest_route=%2Fwp%2Fv2%2Ftags&post=32694"}],"curies":[{"name":"wp","href":"https:\/\/api.w.org\/{rel}","templated":true}]}}