{"id":32697,"date":"2017-09-26T22:15:19","date_gmt":"2017-09-26T20:15:19","guid":{"rendered":"http:\/\/www.syenlap.dk\/?p=32697"},"modified":"2017-09-26T22:16:59","modified_gmt":"2017-09-26T20:16:59","slug":"oev-for-foerste-gang-i-mit-liv-har-jeg","status":"publish","type":"post","link":"http:\/\/www.syenlap.dk\/?p=32697","title":{"rendered":"\u00d8V! For f\u00f8rste gang i mit liv har jeg&#8230;"},"content":{"rendered":"<p>&#8230;f\u00e5et en P-afgift!<\/p>\n<p>Det er selvf\u00f8lgelig OK, for det var helt korrekt, jeg havde bare ikke t\u00e6nkt mig om. Der var kun 30 min. parkering tilladt, og jeg havde faktisk holdt der &#8211; p\u00e5 Vardevej i Vejle &#8211; knap 2 timer!<\/p>\n<p>Selvf\u00f8lgelig er der en forklaring, som jeg bare ikke kan bruge til noget. Jeg har holdt der flere gange, men altid sidst p\u00e5 eftermiddagen, hvor begr\u00e6nsningen slutter kl 17, eller jeg har k\u00f8rt nogle \u00e6rinder, mens Diki blev klippet.<\/p>\n<p>Det blev han nemlig i dag, og det er lige f\u00f8r, hans hundefris\u00f8r Christina g\u00e5r p\u00e5 barsel. Derfor var tiden tidligere p\u00e5 eftermiddagen end s\u00e6dvanligt, hun har nemlig afkortet sine arbejdsdage her, hvor der kun er 1 m\u00e5ned til termin.<\/p>\n<p>Det var da surt at slutte en ellers hyggelig eftermiddag med familiesnak og barselsnak med at finde den lille hvide seddel i vinduesviskeren.<\/p>\n<p>Eneste lyspunkt var, at Diki opf\u00f8rte sig ualmindelig p\u00e6nt i dag, han stod flot uden &#8220;piv&#8221;, og han fik ros! Han er ellers ikke begejstret, men Christina ogs\u00e5 har et rigtig godt tag p\u00e5 ham.<\/p>\n<p>N\u00e5r hun slutter sin orlov til for\u00e5ret, bliver det i nye lokaler, nemlig i det hus, hun og k\u00e6resten har k\u00f8bt og er ved at g\u00f8re i stand. Der er nemlig mulighed for at indrette salon i forbindelse med villaen &#8211; og der risikerer jeg ingen P-b\u00f8de!<\/p>\n<p>Men i grunden er det vist meget godt g\u00e5et, at det er den f\u00f8rste b\u00f8de, jeg nogensinde har f\u00e5et. S\u00e5vel P- som fart-b\u00f8de, har jeg i de 59 \u00e5r, jeg har haft k\u00f8rekort, aldrig har gjort mig &#8220;fortjent&#8221; til!<\/p>\n","protected":false},"excerpt":{"rendered":"<p>&#8230;f\u00e5et en P-afgift! Det er selvf\u00f8lgelig OK, for det var helt korrekt, jeg havde bare ikke t\u00e6nkt mig om. Der var kun 30 min. parkering tilladt, og jeg havde faktisk holdt der &#8211; p\u00e5 Vardevej i Vejle &#8211; knap 2 &hellip; <a href=\"http:\/\/www.syenlap.dk\/?p=32697\">L\u00e6s resten <span class=\"meta-nav\">&rarr;<\/span><\/a><\/p>\n","protected":false},"author":2,"featured_media":0,"comment_status":"open","ping_status":"open","sticky":false,"template":"","format":"standard","meta":{"footnotes":""},"categories":[18],"tags":[],"class_list":["post-32697","post","type-post","status-publish","format-standard","hentry","category-vores-samfund"],"_links":{"self":[{"href":"http:\/\/www.syenlap.dk\/index.php?rest_route=\/wp\/v2\/posts\/32697","targetHints":{"allow":["GET"]}}],"collection":[{"href":"http:\/\/www.syenlap.dk\/index.php?rest_route=\/wp\/v2\/posts"}],"about":[{"href":"http:\/\/www.syenlap.dk\/index.php?rest_route=\/wp\/v2\/types\/post"}],"author":[{"embeddable":true,"href":"http:\/\/www.syenlap.dk\/index.php?rest_route=\/wp\/v2\/users\/2"}],"replies":[{"embeddable":true,"href":"http:\/\/www.syenlap.dk\/index.php?rest_route=%2Fwp%2Fv2%2Fcomments&post=32697"}],"version-history":[{"count":4,"href":"http:\/\/www.syenlap.dk\/index.php?rest_route=\/wp\/v2\/posts\/32697\/revisions"}],"predecessor-version":[{"id":32701,"href":"http:\/\/www.syenlap.dk\/index.php?rest_route=\/wp\/v2\/posts\/32697\/revisions\/32701"}],"wp:attachment":[{"href":"http:\/\/www.syenlap.dk\/index.php?rest_route=%2Fwp%2Fv2%2Fmedia&parent=32697"}],"wp:term":[{"taxonomy":"category","embeddable":true,"href":"http:\/\/www.syenlap.dk\/index.php?rest_route=%2Fwp%2Fv2%2Fcategories&post=32697"},{"taxonomy":"post_tag","embeddable":true,"href":"http:\/\/www.syenlap.dk\/index.php?rest_route=%2Fwp%2Fv2%2Ftags&post=32697"}],"curies":[{"name":"wp","href":"https:\/\/api.w.org\/{rel}","templated":true}]}}