{"id":32715,"date":"2017-10-02T12:04:48","date_gmt":"2017-10-02T10:04:48","guid":{"rendered":"http:\/\/www.syenlap.dk\/?p=32715"},"modified":"2017-10-02T12:04:48","modified_gmt":"2017-10-02T10:04:48","slug":"patchwork-i-viborg","status":"publish","type":"post","link":"http:\/\/www.syenlap.dk\/?p=32715","title":{"rendered":"Patchwork i Viborg"},"content":{"rendered":"<p>Der er nogle patchworkere i Viborg, som 2 gange om \u00e5ret arrangerer en sy-sammen-s\u00f8ndag, hvor de l\u00e5ner lokale i en symaskinebutik incl kaffe\/te hele dagen! Det arrangeres igennem en gruppe p\u00e5 Facebook, som Birgith ikke kan v\u00e6re medlem af, da hun ikke har en PC og dermed heller ikke er p\u00e5 Facebook \ud83d\ude09 ! Hun mener &#8211; med rette &#8211; det er en tidsr\u00f8ver og vil hellere sy masser af flotte patchworkt\u00e6pper, ikke mindst puttet\u00e6pper!<br \/>\nMen hvis der er plads, f\u00e5r hun lov at deltage sammen med mig, og det lykkedes igen i g\u00e5r, hvor vi k\u00f8rte sammen fra Vejle til Viborg og havde en dejlig dag sammen med 30 andre patchworkere.<\/p>\n<p><a href=\"http:\/\/www.syenlap.dk\/?attachment_id=32727\" rel=\"attachment wp-att-32727\"><img loading=\"lazy\" decoding=\"async\" class=\"alignright size-full wp-image-32727\" src=\"http:\/\/www.syenlap.dk\/wp-content\/uploads\/2017\/10\/viborg-3.jpg\" alt=\"\" width=\"600\" height=\"450\" srcset=\"http:\/\/www.syenlap.dk\/wp-content\/uploads\/2017\/10\/viborg-3.jpg 600w, http:\/\/www.syenlap.dk\/wp-content\/uploads\/2017\/10\/viborg-3-300x225.jpg 300w, http:\/\/www.syenlap.dk\/wp-content\/uploads\/2017\/10\/viborg-3-400x300.jpg 400w\" sizes=\"auto, (max-width: 600px) 100vw, 600px\" \/><\/a>Alle syr p\u00e5 hver sit, mens snakken g\u00e5r, der bliver kun syet i h\u00e5nden ved denne lejlighed.<\/p>\n<p><a href=\"http:\/\/www.syenlap.dk\/?attachment_id=32726\" rel=\"attachment wp-att-32726\"><img loading=\"lazy\" decoding=\"async\" class=\"alignright size-full wp-image-32726\" src=\"http:\/\/www.syenlap.dk\/wp-content\/uploads\/2017\/10\/viborg-2.jpg\" alt=\"\" width=\"600\" height=\"450\" srcset=\"http:\/\/www.syenlap.dk\/wp-content\/uploads\/2017\/10\/viborg-2.jpg 600w, http:\/\/www.syenlap.dk\/wp-content\/uploads\/2017\/10\/viborg-2-300x225.jpg 300w, http:\/\/www.syenlap.dk\/wp-content\/uploads\/2017\/10\/viborg-2-400x300.jpg 400w\" sizes=\"auto, (max-width: 600px) 100vw, 600px\" \/><\/a>Indimellem bliver der drukket te og kaffe, spist boller eller madpakke og til sidst kage!<\/p>\n<p><a href=\"http:\/\/www.syenlap.dk\/?attachment_id=32728\" rel=\"attachment wp-att-32728\"><img loading=\"lazy\" decoding=\"async\" class=\"alignright size-full wp-image-32728\" src=\"http:\/\/www.syenlap.dk\/wp-content\/uploads\/2017\/10\/viborg-4.jpg\" alt=\"\" width=\"600\" height=\"440\" srcset=\"http:\/\/www.syenlap.dk\/wp-content\/uploads\/2017\/10\/viborg-4.jpg 600w, http:\/\/www.syenlap.dk\/wp-content\/uploads\/2017\/10\/viborg-4-300x220.jpg 300w, http:\/\/www.syenlap.dk\/wp-content\/uploads\/2017\/10\/viborg-4-409x300.jpg 409w\" sizes=\"auto, (max-width: 600px) 100vw, 600px\" \/><\/a>Der deltager flere generationer i enkelte tilf\u00e6lde, men generelt i alle aldre.<\/p>\n<p><a href=\"http:\/\/www.syenlap.dk\/?attachment_id=32725\" rel=\"attachment wp-att-32725\"><img loading=\"lazy\" decoding=\"async\" class=\"alignright size-full wp-image-32725\" src=\"http:\/\/www.syenlap.dk\/wp-content\/uploads\/2017\/10\/viborg-1.jpg\" alt=\"\" width=\"600\" height=\"450\" srcset=\"http:\/\/www.syenlap.dk\/wp-content\/uploads\/2017\/10\/viborg-1.jpg 600w, http:\/\/www.syenlap.dk\/wp-content\/uploads\/2017\/10\/viborg-1-300x225.jpg 300w, http:\/\/www.syenlap.dk\/wp-content\/uploads\/2017\/10\/viborg-1-400x300.jpg 400w\" sizes=\"auto, (max-width: 600px) 100vw, 600px\" \/><\/a>Der bliver ogs\u00e5 vist frem &#8211; b\u00e5de uf\u00e6rdige og f\u00e6rdige ting, her knudequilter Karin p\u00e5 et puttet\u00e6ppe, vi har modtaget i Projekt Puttet\u00e6pper, s\u00e5dan ser hele t\u00e6ppet ud:<\/p>\n<p><a href=\"http:\/\/www.syenlap.dk\/?attachment_id=32720\" rel=\"attachment wp-att-32720\"><img loading=\"lazy\" decoding=\"async\" class=\"alignright size-full wp-image-32720\" src=\"http:\/\/www.syenlap.dk\/wp-content\/uploads\/2017\/10\/karin-top-m-rosetter.jpg\" alt=\"\" width=\"600\" height=\"800\" srcset=\"http:\/\/www.syenlap.dk\/wp-content\/uploads\/2017\/10\/karin-top-m-rosetter.jpg 600w, http:\/\/www.syenlap.dk\/wp-content\/uploads\/2017\/10\/karin-top-m-rosetter-225x300.jpg 225w\" sizes=\"auto, (max-width: 600px) 100vw, 600px\" \/><\/a><a href=\"http:\/\/www.syenlap.dk\/?attachment_id=32724\" rel=\"attachment wp-att-32724\"><img loading=\"lazy\" decoding=\"async\" class=\"alignright size-full wp-image-32724\" src=\"http:\/\/www.syenlap.dk\/wp-content\/uploads\/2017\/10\/lise-t\u00e6ppe-m-strimler.jpg\" alt=\"\" width=\"600\" height=\"593\" srcset=\"http:\/\/www.syenlap.dk\/wp-content\/uploads\/2017\/10\/lise-t\u00e6ppe-m-strimler.jpg 600w, http:\/\/www.syenlap.dk\/wp-content\/uploads\/2017\/10\/lise-t\u00e6ppe-m-strimler-300x297.jpg 300w, http:\/\/www.syenlap.dk\/wp-content\/uploads\/2017\/10\/lise-t\u00e6ppe-m-strimler-304x300.jpg 304w\" sizes=\"auto, (max-width: 600px) 100vw, 600px\" \/><\/a>Lise havde flere t\u00e6pper med<\/p>\n<p><a href=\"http:\/\/www.syenlap.dk\/?attachment_id=32723\" rel=\"attachment wp-att-32723\"><img loading=\"lazy\" decoding=\"async\" class=\"alignright size-full wp-image-32723\" src=\"http:\/\/www.syenlap.dk\/wp-content\/uploads\/2017\/10\/lise-t\u00e6ppe-m-new-hexagons.jpg\" alt=\"\" width=\"600\" height=\"772\" srcset=\"http:\/\/www.syenlap.dk\/wp-content\/uploads\/2017\/10\/lise-t\u00e6ppe-m-new-hexagons.jpg 600w, http:\/\/www.syenlap.dk\/wp-content\/uploads\/2017\/10\/lise-t\u00e6ppe-m-new-hexagons-233x300.jpg 233w\" sizes=\"auto, (max-width: 600px) 100vw, 600px\" \/><\/a><a href=\"http:\/\/www.syenlap.dk\/?attachment_id=32722\" rel=\"attachment wp-att-32722\"><img loading=\"lazy\" decoding=\"async\" class=\"alignright size-full wp-image-32722\" src=\"http:\/\/www.syenlap.dk\/wp-content\/uploads\/2017\/10\/lise-t\u00e6ppe-m-firkanter.jpg\" alt=\"\" width=\"600\" height=\"613\" srcset=\"http:\/\/www.syenlap.dk\/wp-content\/uploads\/2017\/10\/lise-t\u00e6ppe-m-firkanter.jpg 600w, http:\/\/www.syenlap.dk\/wp-content\/uploads\/2017\/10\/lise-t\u00e6ppe-m-firkanter-294x300.jpg 294w\" sizes=\"auto, (max-width: 600px) 100vw, 600px\" \/><\/a>&#8211; og bagsiden:<\/p>\n<p><a href=\"http:\/\/www.syenlap.dk\/?attachment_id=32721\" rel=\"attachment wp-att-32721\"><img loading=\"lazy\" decoding=\"async\" class=\"alignright size-full wp-image-32721\" src=\"http:\/\/www.syenlap.dk\/wp-content\/uploads\/2017\/10\/lise-t\u00e6ppe-m-firkanter-bag.jpg\" alt=\"\" width=\"600\" height=\"605\" srcset=\"http:\/\/www.syenlap.dk\/wp-content\/uploads\/2017\/10\/lise-t\u00e6ppe-m-firkanter-bag.jpg 600w, http:\/\/www.syenlap.dk\/wp-content\/uploads\/2017\/10\/lise-t\u00e6ppe-m-firkanter-bag-150x150.jpg 150w, http:\/\/www.syenlap.dk\/wp-content\/uploads\/2017\/10\/lise-t\u00e6ppe-m-firkanter-bag-298x300.jpg 298w\" sizes=\"auto, (max-width: 600px) 100vw, 600px\" \/><\/a><a href=\"http:\/\/www.syenlap.dk\/?attachment_id=32729\" rel=\"attachment wp-att-32729\"><img loading=\"lazy\" decoding=\"async\" class=\"alignright size-full wp-image-32729\" src=\"http:\/\/www.syenlap.dk\/wp-content\/uploads\/2017\/10\/viborg-patchwork-puttet\u00e6ppe-m-hunde.jpg\" alt=\"\" width=\"600\" height=\"672\" srcset=\"http:\/\/www.syenlap.dk\/wp-content\/uploads\/2017\/10\/viborg-patchwork-puttet\u00e6ppe-m-hunde.jpg 600w, http:\/\/www.syenlap.dk\/wp-content\/uploads\/2017\/10\/viborg-patchwork-puttet\u00e6ppe-m-hunde-268x300.jpg 268w\" sizes=\"auto, (max-width: 600px) 100vw, 600px\" \/><\/a>Viborg Patchwork har syet dette s\u00f8de puttet\u00e6ppe.<\/p>\n<p><a href=\"http:\/\/www.syenlap.dk\/?attachment_id=32731\" rel=\"attachment wp-att-32731\"><img loading=\"lazy\" decoding=\"async\" class=\"alignright size-full wp-image-32731\" src=\"http:\/\/www.syenlap.dk\/wp-content\/uploads\/2017\/10\/aase-jensen-v\u00e6gt\u00e6ppe.jpg\" alt=\"\" width=\"600\" height=\"770\" srcset=\"http:\/\/www.syenlap.dk\/wp-content\/uploads\/2017\/10\/aase-jensen-v\u00e6gt\u00e6ppe.jpg 600w, http:\/\/www.syenlap.dk\/wp-content\/uploads\/2017\/10\/aase-jensen-v\u00e6gt\u00e6ppe-234x300.jpg 234w\" sizes=\"auto, (max-width: 600px) 100vw, 600px\" \/><\/a>Aase har syet det s\u00f8de v\u00e6gt\u00e6ppe samt:<\/p>\n<p><a href=\"http:\/\/www.syenlap.dk\/?attachment_id=32730\" rel=\"attachment wp-att-32730\"><img loading=\"lazy\" decoding=\"async\" class=\"alignright size-full wp-image-32730\" src=\"http:\/\/www.syenlap.dk\/wp-content\/uploads\/2017\/10\/aase-jensen-sm\u00e5-hexagons.jpg\" alt=\"\" width=\"600\" height=\"368\" srcset=\"http:\/\/www.syenlap.dk\/wp-content\/uploads\/2017\/10\/aase-jensen-sm\u00e5-hexagons.jpg 600w, http:\/\/www.syenlap.dk\/wp-content\/uploads\/2017\/10\/aase-jensen-sm\u00e5-hexagons-300x184.jpg 300w, http:\/\/www.syenlap.dk\/wp-content\/uploads\/2017\/10\/aase-jensen-sm\u00e5-hexagons-489x300.jpg 489w\" sizes=\"auto, (max-width: 600px) 100vw, 600px\" \/><\/a>..alle de mange sm\u00e5 hexagoner!<\/p>\n<p><a href=\"http:\/\/www.syenlap.dk\/?attachment_id=32719\" rel=\"attachment wp-att-32719\"><img loading=\"lazy\" decoding=\"async\" class=\"alignright size-full wp-image-32719\" src=\"http:\/\/www.syenlap.dk\/wp-content\/uploads\/2017\/10\/henny-plith-puder.jpg\" alt=\"\" width=\"570\" height=\"729\" srcset=\"http:\/\/www.syenlap.dk\/wp-content\/uploads\/2017\/10\/henny-plith-puder.jpg 570w, http:\/\/www.syenlap.dk\/wp-content\/uploads\/2017\/10\/henny-plith-puder-235x300.jpg 235w\" sizes=\"auto, (max-width: 570px) 100vw, 570px\" \/><\/a>Henny har v\u00e6ret p\u00e5 h\u00f8jskole og har syet puder og en l\u00f8ber af denim stof<\/p>\n<p><a href=\"http:\/\/www.syenlap.dk\/?attachment_id=32716\" rel=\"attachment wp-att-32716\"><img loading=\"lazy\" decoding=\"async\" class=\"alignright size-full wp-image-32716\" src=\"http:\/\/www.syenlap.dk\/wp-content\/uploads\/2017\/10\/anita-og-lise-tasker.jpg\" alt=\"\" width=\"600\" height=\"506\" srcset=\"http:\/\/www.syenlap.dk\/wp-content\/uploads\/2017\/10\/anita-og-lise-tasker.jpg 600w, http:\/\/www.syenlap.dk\/wp-content\/uploads\/2017\/10\/anita-og-lise-tasker-300x253.jpg 300w, http:\/\/www.syenlap.dk\/wp-content\/uploads\/2017\/10\/anita-og-lise-tasker-356x300.jpg 356w\" sizes=\"auto, (max-width: 600px) 100vw, 600px\" \/><\/a>Anita og Lise har ogs\u00e5 v\u00e6ret p\u00e5 kursus og syet store tasker.<\/p>\n<p><a href=\"http:\/\/www.syenlap.dk\/?attachment_id=32717\" rel=\"attachment wp-att-32717\"><img loading=\"lazy\" decoding=\"async\" class=\"size-full wp-image-32717 aligncenter\" src=\"http:\/\/www.syenlap.dk\/wp-content\/uploads\/2017\/10\/diana-hexagons.jpg\" alt=\"\" width=\"400\" height=\"797\" srcset=\"http:\/\/www.syenlap.dk\/wp-content\/uploads\/2017\/10\/diana-hexagons.jpg 400w, http:\/\/www.syenlap.dk\/wp-content\/uploads\/2017\/10\/diana-hexagons-151x300.jpg 151w\" sizes=\"auto, (max-width: 400px) 100vw, 400px\" \/><\/a>Diana er ved at sy et t\u00e6ppe i japansk foldeteknik med hexagoner<\/p>\n<p>Og Birgith viste os et specielt v\u00e6gt\u00e6ppe, som hun har syet med udgangspunk i en kalender for 1976:<\/p>\n<p><a href=\"http:\/\/www.syenlap.dk\/?attachment_id=32732\" rel=\"attachment wp-att-32732\"><img loading=\"lazy\" decoding=\"async\" class=\"alignright size-full wp-image-32732\" src=\"http:\/\/www.syenlap.dk\/wp-content\/uploads\/2017\/10\/birgith-lorenz-kalender-quilt.jpg\" alt=\"\" width=\"600\" height=\"708\" srcset=\"http:\/\/www.syenlap.dk\/wp-content\/uploads\/2017\/10\/birgith-lorenz-kalender-quilt.jpg 600w, http:\/\/www.syenlap.dk\/wp-content\/uploads\/2017\/10\/birgith-lorenz-kalender-quilt-254x300.jpg 254w\" sizes=\"auto, (max-width: 600px) 100vw, 600px\" \/><\/a>Flittige Birgith syede lukkekant p\u00e5 et senget\u00e6ppe til et julem\u00e6rkehjem, mens vi sad der, og det blev helt f\u00e6rdigt:<\/p>\n<p><a href=\"http:\/\/www.syenlap.dk\/?attachment_id=32734\" rel=\"attachment wp-att-32734\"><img loading=\"lazy\" decoding=\"async\" class=\"alignright size-full wp-image-32734\" src=\"http:\/\/www.syenlap.dk\/wp-content\/uploads\/2017\/10\/birgith-lorenz-senget\u00e6ppe-til-liljeborg.jpg\" alt=\"\" width=\"600\" height=\"923\" srcset=\"http:\/\/www.syenlap.dk\/wp-content\/uploads\/2017\/10\/birgith-lorenz-senget\u00e6ppe-til-liljeborg.jpg 600w, http:\/\/www.syenlap.dk\/wp-content\/uploads\/2017\/10\/birgith-lorenz-senget\u00e6ppe-til-liljeborg-195x300.jpg 195w\" sizes=\"auto, (max-width: 600px) 100vw, 600px\" \/><\/a><a href=\"http:\/\/www.syenlap.dk\/?attachment_id=32733\" rel=\"attachment wp-att-32733\"><img loading=\"lazy\" decoding=\"async\" class=\"alignright size-full wp-image-32733\" src=\"http:\/\/www.syenlap.dk\/wp-content\/uploads\/2017\/10\/birgith-lorenz-senget\u00e6ppe-til-liljeborg-bag.jpg\" alt=\"\" width=\"600\" height=\"965\" srcset=\"http:\/\/www.syenlap.dk\/wp-content\/uploads\/2017\/10\/birgith-lorenz-senget\u00e6ppe-til-liljeborg-bag.jpg 600w, http:\/\/www.syenlap.dk\/wp-content\/uploads\/2017\/10\/birgith-lorenz-senget\u00e6ppe-til-liljeborg-bag-187x300.jpg 187w\" sizes=\"auto, (max-width: 600px) 100vw, 600px\" \/><\/a>&#8211; her er bagsiden. T\u00e6ppet er syet af mange rester og monteret p\u00e5 den m\u00e5de, at hver blok er quiltet for sig og f\u00f8jet sammen med smalle strimler, det kaldes &#8220;Fix &amp; f\u00e6rdig&#8221; eller &#8220;Quilt-as-you-go&#8221;.<\/p>\n<p>Sikke en dag!<\/p>\n<p>&nbsp;<\/p>\n","protected":false},"excerpt":{"rendered":"<p>Der er nogle patchworkere i Viborg, som 2 gange om \u00e5ret arrangerer en sy-sammen-s\u00f8ndag, hvor de l\u00e5ner lokale i en symaskinebutik incl kaffe\/te hele dagen! Det arrangeres igennem en gruppe p\u00e5 Facebook, som Birgith ikke kan v\u00e6re medlem af, da &hellip; <a href=\"http:\/\/www.syenlap.dk\/?p=32715\">L\u00e6s resten <span class=\"meta-nav\">&rarr;<\/span><\/a><\/p>\n","protected":false},"author":2,"featured_media":0,"comment_status":"open","ping_status":"open","sticky":false,"template":"","format":"standard","meta":{"footnotes":""},"categories":[12,15],"tags":[],"class_list":["post-32715","post","type-post","status-publish","format-standard","hentry","category-oplevelser","category-patchwork"],"_links":{"self":[{"href":"http:\/\/www.syenlap.dk\/index.php?rest_route=\/wp\/v2\/posts\/32715","targetHints":{"allow":["GET"]}}],"collection":[{"href":"http:\/\/www.syenlap.dk\/index.php?rest_route=\/wp\/v2\/posts"}],"about":[{"href":"http:\/\/www.syenlap.dk\/index.php?rest_route=\/wp\/v2\/types\/post"}],"author":[{"embeddable":true,"href":"http:\/\/www.syenlap.dk\/index.php?rest_route=\/wp\/v2\/users\/2"}],"replies":[{"embeddable":true,"href":"http:\/\/www.syenlap.dk\/index.php?rest_route=%2Fwp%2Fv2%2Fcomments&post=32715"}],"version-history":[{"count":2,"href":"http:\/\/www.syenlap.dk\/index.php?rest_route=\/wp\/v2\/posts\/32715\/revisions"}],"predecessor-version":[{"id":32736,"href":"http:\/\/www.syenlap.dk\/index.php?rest_route=\/wp\/v2\/posts\/32715\/revisions\/32736"}],"wp:attachment":[{"href":"http:\/\/www.syenlap.dk\/index.php?rest_route=%2Fwp%2Fv2%2Fmedia&parent=32715"}],"wp:term":[{"taxonomy":"category","embeddable":true,"href":"http:\/\/www.syenlap.dk\/index.php?rest_route=%2Fwp%2Fv2%2Fcategories&post=32715"},{"taxonomy":"post_tag","embeddable":true,"href":"http:\/\/www.syenlap.dk\/index.php?rest_route=%2Fwp%2Fv2%2Ftags&post=32715"}],"curies":[{"name":"wp","href":"https:\/\/api.w.org\/{rel}","templated":true}]}}