{"id":32814,"date":"2017-10-13T19:41:19","date_gmt":"2017-10-13T17:41:19","guid":{"rendered":"http:\/\/www.syenlap.dk\/?p=32814"},"modified":"2017-10-13T19:41:19","modified_gmt":"2017-10-13T17:41:19","slug":"strikke-baglaens-2","status":"publish","type":"post","link":"http:\/\/www.syenlap.dk\/?p=32814","title":{"rendered":"Strikke bagl\u00e6ns!"},"content":{"rendered":"<p>Nu gik det ellers rigtig godt! Jeg kunne skimte f\u00e6rdigg\u00f8relsen af min &#8220;Vivi&#8221; \/ design Hanne Falkenberg, som jeg bliver mere og mere forelsket i &#8211;<\/p>\n<p><a href=\"http:\/\/www.syenlap.dk\/?attachment_id=32815\" rel=\"attachment wp-att-32815\"><img loading=\"lazy\" decoding=\"async\" class=\"alignright size-full wp-image-32815\" src=\"http:\/\/www.syenlap.dk\/wp-content\/uploads\/2017\/10\/vivi-strik-bagl\u00e6ns.jpg\" alt=\"\" width=\"600\" height=\"380\" srcset=\"http:\/\/www.syenlap.dk\/wp-content\/uploads\/2017\/10\/vivi-strik-bagl\u00e6ns.jpg 600w, http:\/\/www.syenlap.dk\/wp-content\/uploads\/2017\/10\/vivi-strik-bagl\u00e6ns-300x190.jpg 300w, http:\/\/www.syenlap.dk\/wp-content\/uploads\/2017\/10\/vivi-strik-bagl\u00e6ns-474x300.jpg 474w\" sizes=\"auto, (max-width: 600px) 100vw, 600px\" \/><\/a>..og s\u00e5 havde jeg tabt en maske, s\u00e5 jeg har trevlet 7 cm op p\u00e5 \u00e6rme nr 2 &#8211; \u00d8V!<\/p>\n<p>Garnet er ikke godt at samle masker op i, idet det er et delt garn, og det var for langt nede.<\/p>\n<p>S\u00e5 det var bare at tage en rask beslutning!<\/p>\n<p>Men i g\u00e5r, da jeg n\u00e5ede s\u00e5 langt, at det f\u00f8rste \u00e6rme var strikket, kunne jeg for f\u00f8rste gang pr\u00f8ve blusen, og den passer!<\/p>\n<p>Mange af HF&#8217;s tr\u00f8jer kan man ikke pr\u00f8ve undervejs, fordi de er strikket p\u00e5 finurlige m\u00e5der, og det g\u00e6lder ogs\u00e5 denne. Men man f\u00e5r jo blod p\u00e5 tanden, n\u00e5r man kan se, at den passer, s\u00e5 jeg kl\u00f8r p\u00e5!<\/p>\n","protected":false},"excerpt":{"rendered":"<p>Nu gik det ellers rigtig godt! Jeg kunne skimte f\u00e6rdigg\u00f8relsen af min &#8220;Vivi&#8221; \/ design Hanne Falkenberg, som jeg bliver mere og mere forelsket i &#8211; ..og s\u00e5 havde jeg tabt en maske, s\u00e5 jeg har trevlet 7 cm op &hellip; <a href=\"http:\/\/www.syenlap.dk\/?p=32814\">L\u00e6s resten <span class=\"meta-nav\">&rarr;<\/span><\/a><\/p>\n","protected":false},"author":2,"featured_media":0,"comment_status":"open","ping_status":"open","sticky":false,"template":"","format":"standard","meta":{"footnotes":""},"categories":[16],"tags":[],"class_list":["post-32814","post","type-post","status-publish","format-standard","hentry","category-strik"],"_links":{"self":[{"href":"http:\/\/www.syenlap.dk\/index.php?rest_route=\/wp\/v2\/posts\/32814","targetHints":{"allow":["GET"]}}],"collection":[{"href":"http:\/\/www.syenlap.dk\/index.php?rest_route=\/wp\/v2\/posts"}],"about":[{"href":"http:\/\/www.syenlap.dk\/index.php?rest_route=\/wp\/v2\/types\/post"}],"author":[{"embeddable":true,"href":"http:\/\/www.syenlap.dk\/index.php?rest_route=\/wp\/v2\/users\/2"}],"replies":[{"embeddable":true,"href":"http:\/\/www.syenlap.dk\/index.php?rest_route=%2Fwp%2Fv2%2Fcomments&post=32814"}],"version-history":[{"count":1,"href":"http:\/\/www.syenlap.dk\/index.php?rest_route=\/wp\/v2\/posts\/32814\/revisions"}],"predecessor-version":[{"id":32816,"href":"http:\/\/www.syenlap.dk\/index.php?rest_route=\/wp\/v2\/posts\/32814\/revisions\/32816"}],"wp:attachment":[{"href":"http:\/\/www.syenlap.dk\/index.php?rest_route=%2Fwp%2Fv2%2Fmedia&parent=32814"}],"wp:term":[{"taxonomy":"category","embeddable":true,"href":"http:\/\/www.syenlap.dk\/index.php?rest_route=%2Fwp%2Fv2%2Fcategories&post=32814"},{"taxonomy":"post_tag","embeddable":true,"href":"http:\/\/www.syenlap.dk\/index.php?rest_route=%2Fwp%2Fv2%2Ftags&post=32814"}],"curies":[{"name":"wp","href":"https:\/\/api.w.org\/{rel}","templated":true}]}}