{"id":33009,"date":"2017-12-02T15:28:13","date_gmt":"2017-12-02T13:28:13","guid":{"rendered":"http:\/\/www.syenlap.dk\/?p=33009"},"modified":"2017-12-02T15:28:13","modified_gmt":"2017-12-02T13:28:13","slug":"1-julegave-koebt-ingen-dikkedarer-til-christina","status":"publish","type":"post","link":"http:\/\/www.syenlap.dk\/?p=33009","title":{"rendered":"1. julegave k\u00f8bt: Ingen Dikkedarer til Christina"},"content":{"rendered":"<p>Christina synes v\u00e6ldig godt om &#8220;Ingen Dikkedarer&#8221;-tr\u00f8jen, og det synes jeg ville v\u00e6re en dejlig julegave-id\u00e9, for hun har ellers n\u00e6rmest g\u00e5et i sort i flere \u00e5r!<\/p>\n<p>Hun skal selvf\u00f8lgelig selv godkende id\u00e9en og selv bestemme farven, s\u00e5 vi drog til Middelfart i formiddags og bes\u00f8gte &#8220;Garniture&#8221;, som er en l\u00e6kker garnbutik, hvor der var flere garnm\u00e6rker og -farver at v\u00e6lge imellem.<\/p>\n<p><a href=\"http:\/\/www.syenlap.dk\/?attachment_id=33010\" rel=\"attachment wp-att-33010\"><img loading=\"lazy\" decoding=\"async\" class=\"alignright size-full wp-image-33010\" src=\"http:\/\/www.syenlap.dk\/wp-content\/uploads\/2017\/12\/ingen-dikkedarer-r\u00f8d.jpg\" alt=\"\" width=\"600\" height=\"869\" srcset=\"http:\/\/www.syenlap.dk\/wp-content\/uploads\/2017\/12\/ingen-dikkedarer-r\u00f8d.jpg 600w, http:\/\/www.syenlap.dk\/wp-content\/uploads\/2017\/12\/ingen-dikkedarer-r\u00f8d-207x300.jpg 207w\" sizes=\"auto, (max-width: 600px) 100vw, 600px\" \/><\/a><\/p>\n<p>Det blev en sk\u00f8n r\u00f8d &#8211; ikke postkasser\u00f8d eller m\u00f8rker\u00f8d, men r\u00f8d med et varmt lidt orange\/pink sk\u00e6r. Anina uld og Tilia silk mohair. Den vil blive meget flot til mit m\u00f8rkh\u00e5rede knap 17-\u00e5rige barnebarn.<\/p>\n<p>Og jeg er lykkelig for, at jeg m\u00e5 strikke den til hende! Jeg har ikke lovet den f\u00e6rdig til jul, men jeg kan jo fors\u00f8ge.<\/p>\n","protected":false},"excerpt":{"rendered":"<p>Christina synes v\u00e6ldig godt om &#8220;Ingen Dikkedarer&#8221;-tr\u00f8jen, og det synes jeg ville v\u00e6re en dejlig julegave-id\u00e9, for hun har ellers n\u00e6rmest g\u00e5et i sort i flere \u00e5r! Hun skal selvf\u00f8lgelig selv godkende id\u00e9en og selv bestemme farven, s\u00e5 vi drog &hellip; <a href=\"http:\/\/www.syenlap.dk\/?p=33009\">L\u00e6s resten <span class=\"meta-nav\">&rarr;<\/span><\/a><\/p>\n","protected":false},"author":2,"featured_media":0,"comment_status":"open","ping_status":"open","sticky":false,"template":"","format":"standard","meta":{"footnotes":""},"categories":[5,16],"tags":[],"class_list":["post-33009","post","type-post","status-publish","format-standard","hentry","category-familien","category-strik"],"_links":{"self":[{"href":"http:\/\/www.syenlap.dk\/index.php?rest_route=\/wp\/v2\/posts\/33009","targetHints":{"allow":["GET"]}}],"collection":[{"href":"http:\/\/www.syenlap.dk\/index.php?rest_route=\/wp\/v2\/posts"}],"about":[{"href":"http:\/\/www.syenlap.dk\/index.php?rest_route=\/wp\/v2\/types\/post"}],"author":[{"embeddable":true,"href":"http:\/\/www.syenlap.dk\/index.php?rest_route=\/wp\/v2\/users\/2"}],"replies":[{"embeddable":true,"href":"http:\/\/www.syenlap.dk\/index.php?rest_route=%2Fwp%2Fv2%2Fcomments&post=33009"}],"version-history":[{"count":1,"href":"http:\/\/www.syenlap.dk\/index.php?rest_route=\/wp\/v2\/posts\/33009\/revisions"}],"predecessor-version":[{"id":33011,"href":"http:\/\/www.syenlap.dk\/index.php?rest_route=\/wp\/v2\/posts\/33009\/revisions\/33011"}],"wp:attachment":[{"href":"http:\/\/www.syenlap.dk\/index.php?rest_route=%2Fwp%2Fv2%2Fmedia&parent=33009"}],"wp:term":[{"taxonomy":"category","embeddable":true,"href":"http:\/\/www.syenlap.dk\/index.php?rest_route=%2Fwp%2Fv2%2Fcategories&post=33009"},{"taxonomy":"post_tag","embeddable":true,"href":"http:\/\/www.syenlap.dk\/index.php?rest_route=%2Fwp%2Fv2%2Ftags&post=33009"}],"curies":[{"name":"wp","href":"https:\/\/api.w.org\/{rel}","templated":true}]}}