{"id":33192,"date":"2018-01-07T15:08:23","date_gmt":"2018-01-07T13:08:23","guid":{"rendered":"http:\/\/www.syenlap.dk\/?p=33192"},"modified":"2018-01-07T15:12:00","modified_gmt":"2018-01-07T13:12:00","slug":"seebach-en-stor-oplevelse","status":"publish","type":"post","link":"http:\/\/www.syenlap.dk\/?p=33192","title":{"rendered":"Seebach &#8211; en stor oplevelse!"},"content":{"rendered":"<p><a href=\"http:\/\/www.syenlap.dk\/?attachment_id=33194\" rel=\"attachment wp-att-33194\"><img loading=\"lazy\" decoding=\"async\" class=\"alignright size-full wp-image-33194\" src=\"http:\/\/www.syenlap.dk\/wp-content\/uploads\/2018\/01\/seebach1.jpg\" alt=\"\" width=\"800\" height=\"515\" srcset=\"http:\/\/www.syenlap.dk\/wp-content\/uploads\/2018\/01\/seebach1.jpg 800w, http:\/\/www.syenlap.dk\/wp-content\/uploads\/2018\/01\/seebach1-300x193.jpg 300w, http:\/\/www.syenlap.dk\/wp-content\/uploads\/2018\/01\/seebach1-768x494.jpg 768w, http:\/\/www.syenlap.dk\/wp-content\/uploads\/2018\/01\/seebach1-466x300.jpg 466w\" sizes=\"auto, (max-width: 800px) 100vw, 800px\" \/><\/a><\/p>\n<p>Christian, Christina og jeg s\u00e5 Musicalen &#8220;Seebach&#8221; p\u00e5 Fredericia Teater &#8211; forestilling nr 100 her p\u00e5 teateret! Det var virkelig en stor oplevelse, som vanskeligt kan beskrives &#8211; og det, jeg havde l\u00e6st om forestillingen, havde heller ikke forberedt mig p\u00e5, hvad vi fik at se. Det var helt vildt!<\/p>\n<p><a href=\"http:\/\/www.syenlap.dk\/?attachment_id=33195\" rel=\"attachment wp-att-33195\"><img loading=\"lazy\" decoding=\"async\" class=\"alignright size-full wp-image-33195\" src=\"http:\/\/www.syenlap.dk\/wp-content\/uploads\/2018\/01\/seebach2.jpg\" alt=\"\" width=\"800\" height=\"514\" srcset=\"http:\/\/www.syenlap.dk\/wp-content\/uploads\/2018\/01\/seebach2.jpg 800w, http:\/\/www.syenlap.dk\/wp-content\/uploads\/2018\/01\/seebach2-300x193.jpg 300w, http:\/\/www.syenlap.dk\/wp-content\/uploads\/2018\/01\/seebach2-768x493.jpg 768w, http:\/\/www.syenlap.dk\/wp-content\/uploads\/2018\/01\/seebach2-467x300.jpg 467w\" sizes=\"auto, (max-width: 800px) 100vw, 800px\" \/><\/a><\/p>\n<p>De er godt nok dygtige, folkene p\u00e5 Fredericia Teater! Hele forestillingen igennem blandes 2 historier: Tommys og Rasmus&#8217;s &#8211; og familiens. Sangene, som alle kender, er b\u00e5de Tommys og Rasmus&#8217;s, og de synges helt formidabelt.<\/p>\n<p>Det hele rammes ind af nogle utroligt dygtige dansere og kor, og s\u00e5 scenografien med alle de elektroniske effekter og tricks!<\/p>\n<p>Skiftevis r\u00f8rende og begejstrende! Vi synger med og begejstres skiftevis med, at t\u00e5rerne st\u00e5r i \u00f8jnene! De er s\u00e5dan en dejlig familie, ogs\u00e5 selv om Far Tommy ikke kan holde til presset og drukner sine nerver.<\/p>\n<div id=\"attachment_33196\" style=\"width: 810px\" class=\"wp-caption alignright\"><a href=\"http:\/\/www.syenlap.dk\/?attachment_id=33196\" rel=\"attachment wp-att-33196\"><img loading=\"lazy\" decoding=\"async\" aria-describedby=\"caption-attachment-33196\" class=\"wp-image-33196 size-full\" src=\"http:\/\/www.syenlap.dk\/wp-content\/uploads\/2018\/01\/seebach3.jpg\" alt=\"\" width=\"800\" height=\"424\" srcset=\"http:\/\/www.syenlap.dk\/wp-content\/uploads\/2018\/01\/seebach3.jpg 800w, http:\/\/www.syenlap.dk\/wp-content\/uploads\/2018\/01\/seebach3-300x159.jpg 300w, http:\/\/www.syenlap.dk\/wp-content\/uploads\/2018\/01\/seebach3-768x407.jpg 768w, http:\/\/www.syenlap.dk\/wp-content\/uploads\/2018\/01\/seebach3-500x265.jpg 500w\" sizes=\"auto, (max-width: 800px) 100vw, 800px\" \/><\/a><p id=\"caption-attachment-33196\" class=\"wp-caption-text\">St\u00e5ende bifald fra en stopfuld sal!<\/p><\/div>\n<p>Forestillingen slutter snart her, som den forestilling, der har g\u00e5et flest gange i teaterets tid &#8211; og det er flot, n\u00e5r man t\u00e6nker p\u00e5, hvilke succes&#8217;er &#8220;Shu-bi-du-a The Musical&#8221; og &#8220;Klokkeren fra Notre Dame&#8221; var.<\/p>\n<p>Men den forts\u00e6tter i \u00c5rhus og til sommer i K\u00f8benhavn, s\u00e5 jeg vil opfordre til, at man ser den! Jeg kan lige se Victor for mig &#8211; han elsker Rasmus Seebach og synger med p\u00e5 hans sange!<\/p>\n<p>Hyggeligt at se den sammen med de 2 store b\u00f8rneb\u00f8rn! Christina har fotograferet.<\/p>\n","protected":false},"excerpt":{"rendered":"<p>Christian, Christina og jeg s\u00e5 Musicalen &#8220;Seebach&#8221; p\u00e5 Fredericia Teater &#8211; forestilling nr 100 her p\u00e5 teateret! Det var virkelig en stor oplevelse, som vanskeligt kan beskrives &#8211; og det, jeg havde l\u00e6st om forestillingen, havde heller ikke forberedt mig &hellip; <a href=\"http:\/\/www.syenlap.dk\/?p=33192\">L\u00e6s resten <span class=\"meta-nav\">&rarr;<\/span><\/a><\/p>\n","protected":false},"author":2,"featured_media":0,"comment_status":"open","ping_status":"open","sticky":false,"template":"","format":"standard","meta":{"footnotes":""},"categories":[5,12],"tags":[],"class_list":["post-33192","post","type-post","status-publish","format-standard","hentry","category-familien","category-oplevelser"],"_links":{"self":[{"href":"http:\/\/www.syenlap.dk\/index.php?rest_route=\/wp\/v2\/posts\/33192","targetHints":{"allow":["GET"]}}],"collection":[{"href":"http:\/\/www.syenlap.dk\/index.php?rest_route=\/wp\/v2\/posts"}],"about":[{"href":"http:\/\/www.syenlap.dk\/index.php?rest_route=\/wp\/v2\/types\/post"}],"author":[{"embeddable":true,"href":"http:\/\/www.syenlap.dk\/index.php?rest_route=\/wp\/v2\/users\/2"}],"replies":[{"embeddable":true,"href":"http:\/\/www.syenlap.dk\/index.php?rest_route=%2Fwp%2Fv2%2Fcomments&post=33192"}],"version-history":[{"count":5,"href":"http:\/\/www.syenlap.dk\/index.php?rest_route=\/wp\/v2\/posts\/33192\/revisions"}],"predecessor-version":[{"id":33201,"href":"http:\/\/www.syenlap.dk\/index.php?rest_route=\/wp\/v2\/posts\/33192\/revisions\/33201"}],"wp:attachment":[{"href":"http:\/\/www.syenlap.dk\/index.php?rest_route=%2Fwp%2Fv2%2Fmedia&parent=33192"}],"wp:term":[{"taxonomy":"category","embeddable":true,"href":"http:\/\/www.syenlap.dk\/index.php?rest_route=%2Fwp%2Fv2%2Fcategories&post=33192"},{"taxonomy":"post_tag","embeddable":true,"href":"http:\/\/www.syenlap.dk\/index.php?rest_route=%2Fwp%2Fv2%2Ftags&post=33192"}],"curies":[{"name":"wp","href":"https:\/\/api.w.org\/{rel}","templated":true}]}}