{"id":33330,"date":"2018-02-12T10:56:25","date_gmt":"2018-02-12T08:56:25","guid":{"rendered":"http:\/\/www.syenlap.dk\/?p=33330"},"modified":"2018-02-12T10:57:09","modified_gmt":"2018-02-12T08:57:09","slug":"det-er-helt-vildt-3","status":"publish","type":"post","link":"http:\/\/www.syenlap.dk\/?p=33330","title":{"rendered":"Det er helt vildt!"},"content":{"rendered":"<p>Weekenden er fl\u00f8jet af sted med det nye puttet\u00e6ppem\u00f8nster 2018 &#8220;Flyvende firkanter&#8221; &#8211; med forberedelser og aftaler til pr\u00e6sentationen af m\u00f8nsteret, som flere butikker og t\u00e6ppetanter vil medvirke i. Vi mangler nemlig H\u00e5ndarbejdsmessen &#8211; i tr\u00e5d med tiden, som plejer at finde sted i Lilleb\u00e6lthallerne i Middelfart medio marts, men er aflyst i \u00e5r.<\/p>\n<p>Det viste sig at v\u00e6re en god id\u00e9 at sp\u00f8rge nogle af de butikker, som tidligere har vist Projekt Puttet\u00e6pper interesse, om de ville v\u00e6re med til, at nogle t\u00e6ppetanter kom en dag og viste og solgte m\u00f8nsteret til deres kunder. Det er der mange, der har sagt ja til, s\u00e5 der bliver forskellige arrangementer i butikker i hele landet i l\u00f8bet af marts og april!<\/p>\n<p>Birgith har v\u00e6ret p\u00e5 forskud og har allerede syet 2 flotte t\u00e6pper i m\u00f8nsteret, begge quiltet og monteret med teknikken &#8220;Fix &amp; F\u00e6rdig&#8221; &#8211; se bare:<\/p>\n<p><a href=\"http:\/\/www.syenlap.dk\/?attachment_id=33334\" rel=\"attachment wp-att-33334\"><img loading=\"lazy\" decoding=\"async\" class=\"alignright size-full wp-image-33334\" src=\"http:\/\/www.syenlap.dk\/wp-content\/uploads\/2018\/02\/1801-birgith-lorenz.jpg\" alt=\"\" width=\"600\" height=\"714\" srcset=\"http:\/\/www.syenlap.dk\/wp-content\/uploads\/2018\/02\/1801-birgith-lorenz.jpg 600w, http:\/\/www.syenlap.dk\/wp-content\/uploads\/2018\/02\/1801-birgith-lorenz-252x300.jpg 252w\" sizes=\"auto, (max-width: 600px) 100vw, 600px\" \/><\/a>&#8211; her er bagsiden:<\/p>\n<p><a href=\"http:\/\/www.syenlap.dk\/?attachment_id=33335\" rel=\"attachment wp-att-33335\"><img loading=\"lazy\" decoding=\"async\" class=\"alignright size-full wp-image-33335\" src=\"http:\/\/www.syenlap.dk\/wp-content\/uploads\/2018\/02\/1801-birgith-lorenz-bag.jpg\" alt=\"\" width=\"600\" height=\"714\" srcset=\"http:\/\/www.syenlap.dk\/wp-content\/uploads\/2018\/02\/1801-birgith-lorenz-bag.jpg 600w, http:\/\/www.syenlap.dk\/wp-content\/uploads\/2018\/02\/1801-birgith-lorenz-bag-252x300.jpg 252w\" sizes=\"auto, (max-width: 600px) 100vw, 600px\" \/><\/a>Og i bl\u00e5\/lilla farver:<\/p>\n<p><a href=\"http:\/\/www.syenlap.dk\/?attachment_id=33333\" rel=\"attachment wp-att-33333\"><img loading=\"lazy\" decoding=\"async\" class=\"alignright size-full wp-image-33333\" src=\"http:\/\/www.syenlap.dk\/wp-content\/uploads\/2018\/02\/1801-birgith-lorenz-2.jpg\" alt=\"\" width=\"600\" height=\"829\" srcset=\"http:\/\/www.syenlap.dk\/wp-content\/uploads\/2018\/02\/1801-birgith-lorenz-2.jpg 600w, http:\/\/www.syenlap.dk\/wp-content\/uploads\/2018\/02\/1801-birgith-lorenz-2-217x300.jpg 217w\" sizes=\"auto, (max-width: 600px) 100vw, 600px\" \/><\/a>&#8211; med bagside:<\/p>\n<p><a href=\"http:\/\/www.syenlap.dk\/?attachment_id=33332\" rel=\"attachment wp-att-33332\"><img loading=\"lazy\" decoding=\"async\" class=\"alignright size-full wp-image-33332\" src=\"http:\/\/www.syenlap.dk\/wp-content\/uploads\/2018\/02\/1801-birgith-lorenz-2-bag.jpg\" alt=\"\" width=\"600\" height=\"822\" srcset=\"http:\/\/www.syenlap.dk\/wp-content\/uploads\/2018\/02\/1801-birgith-lorenz-2-bag.jpg 600w, http:\/\/www.syenlap.dk\/wp-content\/uploads\/2018\/02\/1801-birgith-lorenz-2-bag-219x300.jpg 219w\" sizes=\"auto, (max-width: 600px) 100vw, 600px\" \/><\/a>De er virkelig flotte!<\/p>\n","protected":false},"excerpt":{"rendered":"<p>Weekenden er fl\u00f8jet af sted med det nye puttet\u00e6ppem\u00f8nster 2018 &#8220;Flyvende firkanter&#8221; &#8211; med forberedelser og aftaler til pr\u00e6sentationen af m\u00f8nsteret, som flere butikker og t\u00e6ppetanter vil medvirke i. Vi mangler nemlig H\u00e5ndarbejdsmessen &#8211; i tr\u00e5d med tiden, som plejer &hellip; <a href=\"http:\/\/www.syenlap.dk\/?p=33330\">L\u00e6s resten <span class=\"meta-nav\">&rarr;<\/span><\/a><\/p>\n","protected":false},"author":2,"featured_media":0,"comment_status":"open","ping_status":"open","sticky":false,"template":"","format":"standard","meta":{"footnotes":""},"categories":[15,69],"tags":[],"class_list":["post-33330","post","type-post","status-publish","format-standard","hentry","category-patchwork","category-puttetaepper-til-born-pa-julemaerkehjem"],"_links":{"self":[{"href":"http:\/\/www.syenlap.dk\/index.php?rest_route=\/wp\/v2\/posts\/33330","targetHints":{"allow":["GET"]}}],"collection":[{"href":"http:\/\/www.syenlap.dk\/index.php?rest_route=\/wp\/v2\/posts"}],"about":[{"href":"http:\/\/www.syenlap.dk\/index.php?rest_route=\/wp\/v2\/types\/post"}],"author":[{"embeddable":true,"href":"http:\/\/www.syenlap.dk\/index.php?rest_route=\/wp\/v2\/users\/2"}],"replies":[{"embeddable":true,"href":"http:\/\/www.syenlap.dk\/index.php?rest_route=%2Fwp%2Fv2%2Fcomments&post=33330"}],"version-history":[{"count":2,"href":"http:\/\/www.syenlap.dk\/index.php?rest_route=\/wp\/v2\/posts\/33330\/revisions"}],"predecessor-version":[{"id":33337,"href":"http:\/\/www.syenlap.dk\/index.php?rest_route=\/wp\/v2\/posts\/33330\/revisions\/33337"}],"wp:attachment":[{"href":"http:\/\/www.syenlap.dk\/index.php?rest_route=%2Fwp%2Fv2%2Fmedia&parent=33330"}],"wp:term":[{"taxonomy":"category","embeddable":true,"href":"http:\/\/www.syenlap.dk\/index.php?rest_route=%2Fwp%2Fv2%2Fcategories&post=33330"},{"taxonomy":"post_tag","embeddable":true,"href":"http:\/\/www.syenlap.dk\/index.php?rest_route=%2Fwp%2Fv2%2Ftags&post=33330"}],"curies":[{"name":"wp","href":"https:\/\/api.w.org\/{rel}","templated":true}]}}