{"id":33338,"date":"2018-02-13T21:45:03","date_gmt":"2018-02-13T19:45:03","guid":{"rendered":"http:\/\/www.syenlap.dk\/?p=33338"},"modified":"2018-02-13T21:45:03","modified_gmt":"2018-02-13T19:45:03","slug":"tankerne-gaar-tilbage","status":"publish","type":"post","link":"http:\/\/www.syenlap.dk\/?p=33338","title":{"rendered":"Tankerne g\u00e5r tilbage."},"content":{"rendered":"<p>Det kan ikke undg\u00e5s, at mine tanker g\u00e5r tilbage til 2008 &#8211; 2009, nu hvor vi h\u00f8rer om Prins Henriks sygdom.<\/p>\n<p>Der er s\u00e5 mange paralleller til S\u00f8rens sidste tid &#8211; ikke hans sygdom, men forl\u00f8bet.<\/p>\n<p>S\u00f8ren var ikke dement, han d\u00f8de af prostata cancer. Men det sidste \u00bd \u00e5r fik han ogs\u00e5 flere lungebet\u00e6ndelser pga sit lave immunforsvar, n\u00f8jagtig som Henrik.<\/p>\n<p>Og han blev ogs\u00e5 indlagt til en mere intensiv behandling, mens han ellers var hjemme i de 1\u00bd \u00e5r, han var syg.<\/p>\n<p>Jeg var &#8211; og er stadig &#8211; meget glad for, at det lykkedes at f\u00e5 ham hjem efter 14 dages indl\u00e6ggelse, der sluttede med besked om, at de ikke kunne g\u00f8re mere. Det var mig, der pressede p\u00e5 for at f\u00e5 ham hjem, han selv havde faktisk givet slip og var t\u00e6t p\u00e5 at forlade os. Men det var lykken for os allesammen, at han kom hjem i sine vante omgivelser, med &#8220;Whisky&#8221; (sch\u00e6feren) og familien omkring sig, og en fantastisk hjemmepleje. Der gik kun 2 dage, s\u00e5 sov han ind. Men hvor var det godt, at han var hjemme!<\/p>\n<p>Derfor tror jeg ogs\u00e5, at det er godt for Henrik og hans familie, at han er hjemme, hvor han gerne vil v\u00e6re, og de kan v\u00e6re om ham i &#8220;den sidste tid&#8221;, som de har meldt ud.<\/p>\n","protected":false},"excerpt":{"rendered":"<p>Det kan ikke undg\u00e5s, at mine tanker g\u00e5r tilbage til 2008 &#8211; 2009, nu hvor vi h\u00f8rer om Prins Henriks sygdom. Der er s\u00e5 mange paralleller til S\u00f8rens sidste tid &#8211; ikke hans sygdom, men forl\u00f8bet. S\u00f8ren var ikke dement, &hellip; <a href=\"http:\/\/www.syenlap.dk\/?p=33338\">L\u00e6s resten <span class=\"meta-nav\">&rarr;<\/span><\/a><\/p>\n","protected":false},"author":2,"featured_media":0,"comment_status":"open","ping_status":"open","sticky":false,"template":"","format":"standard","meta":{"footnotes":""},"categories":[5],"tags":[],"class_list":["post-33338","post","type-post","status-publish","format-standard","hentry","category-familien"],"_links":{"self":[{"href":"http:\/\/www.syenlap.dk\/index.php?rest_route=\/wp\/v2\/posts\/33338","targetHints":{"allow":["GET"]}}],"collection":[{"href":"http:\/\/www.syenlap.dk\/index.php?rest_route=\/wp\/v2\/posts"}],"about":[{"href":"http:\/\/www.syenlap.dk\/index.php?rest_route=\/wp\/v2\/types\/post"}],"author":[{"embeddable":true,"href":"http:\/\/www.syenlap.dk\/index.php?rest_route=\/wp\/v2\/users\/2"}],"replies":[{"embeddable":true,"href":"http:\/\/www.syenlap.dk\/index.php?rest_route=%2Fwp%2Fv2%2Fcomments&post=33338"}],"version-history":[{"count":1,"href":"http:\/\/www.syenlap.dk\/index.php?rest_route=\/wp\/v2\/posts\/33338\/revisions"}],"predecessor-version":[{"id":33339,"href":"http:\/\/www.syenlap.dk\/index.php?rest_route=\/wp\/v2\/posts\/33338\/revisions\/33339"}],"wp:attachment":[{"href":"http:\/\/www.syenlap.dk\/index.php?rest_route=%2Fwp%2Fv2%2Fmedia&parent=33338"}],"wp:term":[{"taxonomy":"category","embeddable":true,"href":"http:\/\/www.syenlap.dk\/index.php?rest_route=%2Fwp%2Fv2%2Fcategories&post=33338"},{"taxonomy":"post_tag","embeddable":true,"href":"http:\/\/www.syenlap.dk\/index.php?rest_route=%2Fwp%2Fv2%2Ftags&post=33338"}],"curies":[{"name":"wp","href":"https:\/\/api.w.org\/{rel}","templated":true}]}}