{"id":33341,"date":"2018-02-14T08:08:24","date_gmt":"2018-02-14T06:08:24","guid":{"rendered":"http:\/\/www.syenlap.dk\/?p=33341"},"modified":"2018-02-14T08:08:24","modified_gmt":"2018-02-14T06:08:24","slug":"r-i-p-henrik","status":"publish","type":"post","link":"http:\/\/www.syenlap.dk\/?p=33341","title":{"rendered":"R.I.P. Henrik"},"content":{"rendered":"<p>S\u00e5 fik Prins Henrik fred!<\/p>\n<p>Det gl\u00e6der mig s\u00e5 meget, at han kom hjem til sine egne og sov stille ind hos sin familie.<\/p>\n<p>Som jeg skrev i g\u00e5r, var det ogs\u00e5 s\u00e5dan, det gik S\u00f8ren for 8 \u00e5r siden efter et slut-forl\u00f8b, der lignede meget.<\/p>\n<p>Der kommer ro p\u00e5, og behandlingen standser, s\u00e5 g\u00e5r der ikke s\u00e5 l\u00e6nge, men for S\u00f8rens vedkommende var det fredeligt, og vi sad hos ham p\u00e5 skift, ogs\u00e5 om natten, de sidste 2 d\u00f8gn, mens hjemmeplejen kom og hjalp med at lindre.<\/p>\n<p>Jeg h\u00e5ber, at Danmark vil huske ham, som han var, f\u00f8r han blev dement; et sp\u00e6ndende, musisk menneske, der interesserede sig for s\u00e5 mange ting og var en stor st\u00f8tte for sin dronning og hustru.<\/p>\n<p>R.I.P.<\/p>\n","protected":false},"excerpt":{"rendered":"<p>S\u00e5 fik Prins Henrik fred! Det gl\u00e6der mig s\u00e5 meget, at han kom hjem til sine egne og sov stille ind hos sin familie. Som jeg skrev i g\u00e5r, var det ogs\u00e5 s\u00e5dan, det gik S\u00f8ren for 8 \u00e5r siden &hellip; <a href=\"http:\/\/www.syenlap.dk\/?p=33341\">L\u00e6s resten <span class=\"meta-nav\">&rarr;<\/span><\/a><\/p>\n","protected":false},"author":2,"featured_media":0,"comment_status":"open","ping_status":"open","sticky":false,"template":"","format":"standard","meta":{"footnotes":""},"categories":[18],"tags":[],"class_list":["post-33341","post","type-post","status-publish","format-standard","hentry","category-vores-samfund"],"_links":{"self":[{"href":"http:\/\/www.syenlap.dk\/index.php?rest_route=\/wp\/v2\/posts\/33341","targetHints":{"allow":["GET"]}}],"collection":[{"href":"http:\/\/www.syenlap.dk\/index.php?rest_route=\/wp\/v2\/posts"}],"about":[{"href":"http:\/\/www.syenlap.dk\/index.php?rest_route=\/wp\/v2\/types\/post"}],"author":[{"embeddable":true,"href":"http:\/\/www.syenlap.dk\/index.php?rest_route=\/wp\/v2\/users\/2"}],"replies":[{"embeddable":true,"href":"http:\/\/www.syenlap.dk\/index.php?rest_route=%2Fwp%2Fv2%2Fcomments&post=33341"}],"version-history":[{"count":1,"href":"http:\/\/www.syenlap.dk\/index.php?rest_route=\/wp\/v2\/posts\/33341\/revisions"}],"predecessor-version":[{"id":33342,"href":"http:\/\/www.syenlap.dk\/index.php?rest_route=\/wp\/v2\/posts\/33341\/revisions\/33342"}],"wp:attachment":[{"href":"http:\/\/www.syenlap.dk\/index.php?rest_route=%2Fwp%2Fv2%2Fmedia&parent=33341"}],"wp:term":[{"taxonomy":"category","embeddable":true,"href":"http:\/\/www.syenlap.dk\/index.php?rest_route=%2Fwp%2Fv2%2Fcategories&post=33341"},{"taxonomy":"post_tag","embeddable":true,"href":"http:\/\/www.syenlap.dk\/index.php?rest_route=%2Fwp%2Fv2%2Ftags&post=33341"}],"curies":[{"name":"wp","href":"https:\/\/api.w.org\/{rel}","templated":true}]}}