{"id":33349,"date":"2018-02-20T16:57:37","date_gmt":"2018-02-20T14:57:37","guid":{"rendered":"http:\/\/www.syenlap.dk\/?p=33349"},"modified":"2018-02-20T16:57:37","modified_gmt":"2018-02-20T14:57:37","slug":"kobberbryllup-med-overraskelses-morgen","status":"publish","type":"post","link":"http:\/\/www.syenlap.dk\/?p=33349","title":{"rendered":"Kobberbryllup med overraskelses morgen"},"content":{"rendered":"<p>Der er nogen, der har klaget over, at der er g\u00e5et 5 dage uden opdateringer her! Det beklager jeg &#8211; og det er ikke fordi, jeg er syg!<\/p>\n<p>N\u00e6h, jeg har haft travlt, dels med at starte Webstrikkernes Festival 2018 op p\u00e5 Facebook og begynde at tage imod tilmeldinger! &#8211; dels fordi jeg har v\u00e6ret med til at forberede og udf\u00f8re et overraskelses-kobberbryllup i Br\u00f8ndby.<a href=\"http:\/\/www.syenlap.dk\/?attachment_id=33352\" rel=\"attachment wp-att-33352\"><img loading=\"lazy\" decoding=\"async\" class=\"alignright size-full wp-image-33352\" src=\"http:\/\/www.syenlap.dk\/wp-content\/uploads\/2018\/02\/kl-07-ulla-og-nicolaj-2.jpg\" alt=\"\" width=\"600\" height=\"939\" srcset=\"http:\/\/www.syenlap.dk\/wp-content\/uploads\/2018\/02\/kl-07-ulla-og-nicolaj-2.jpg 600w, http:\/\/www.syenlap.dk\/wp-content\/uploads\/2018\/02\/kl-07-ulla-og-nicolaj-2-192x300.jpg 192w\" sizes=\"auto, (max-width: 600px) 100vw, 600px\" \/><\/a><\/p>\n<p>Det er yngstes\u00f8nnen og min ene svigerdatter, der har Kobberbryllup i dag &#8211; TIL LYKKE ! &#8211; men de har forl\u00e6ngst annonceret, at det f\u00f8rst skal fejres til sommer.<\/p>\n<p>Der var dog nogle familiemedlemmer i K\u00f8benhavn, der spurgte, om nogle af os fra Jylland ville v\u00e6re med til morgenv\u00e6kning med \u00e6resport og morgensang?<\/p>\n<p>Det blev til, at den anden svigerdatter og jeg tog toget derover i g\u00e5r aftes og overnattede hos min niece, Victors elskede &#8220;Gud&#8221; (fra dengang han ikke kunne sige Gudmor). Det var i sig selv lidt sp\u00e6ndende, for hun er i kraft af sit job involveret i de igangv\u00e6rende overenskomstforhandlinger og var blevet varslet, at hun kunne blive indkaldt aften eller nat i g\u00e5r, s\u00e5 m\u00e5ske blev vi &#8220;alene hjemme&#8221;. Det skete heldigvis ikke, s\u00e5 kl 6 i morges k\u00f8rte vi til Br\u00f8ndby og m\u00f8dtes, mens det s\u00e5 sm\u00e5t gryede, med kobberbrudens familie, der fik h\u00e6ngt \u00bd \u00e6resport op i tagrenden og sat en masse flag.<\/p>\n<p><a href=\"http:\/\/www.syenlap.dk\/?attachment_id=33354\" rel=\"attachment wp-att-33354\"><img loading=\"lazy\" decoding=\"async\" class=\"alignright size-full wp-image-33354\" src=\"http:\/\/www.syenlap.dk\/wp-content\/uploads\/2018\/02\/kl-07-ulla-og-nicolaj.jpg\" alt=\"\" width=\"600\" height=\"559\" srcset=\"http:\/\/www.syenlap.dk\/wp-content\/uploads\/2018\/02\/kl-07-ulla-og-nicolaj.jpg 600w, http:\/\/www.syenlap.dk\/wp-content\/uploads\/2018\/02\/kl-07-ulla-og-nicolaj-300x280.jpg 300w, http:\/\/www.syenlap.dk\/wp-content\/uploads\/2018\/02\/kl-07-ulla-og-nicolaj-322x300.jpg 322w\" sizes=\"auto, (max-width: 600px) 100vw, 600px\" \/><\/a>Ingen v\u00e5gnede, og f\u00f8rst da vi satte i med at synge &#8220;I \u00f8sten stiger solen op&#8221; neden for sovev\u00e6relsesvinduet og Victors vindue s\u00e5 h\u00f8jt, vi kunne, blev der liv og persiennerne blev trukket lidt op! Victor h\u00f8rte slet ingenting og var meget s\u00f8vndrukken, da hans Far fik ham l\u00f8ftet op, s\u00e5 han kunne nyde forestillingen! Det var sjovt!<\/p>\n<p><a href=\"http:\/\/www.syenlap.dk\/?attachment_id=33357\" rel=\"attachment wp-att-33357\"><img loading=\"lazy\" decoding=\"async\" class=\"alignright size-full wp-image-33357\" src=\"http:\/\/www.syenlap.dk\/wp-content\/uploads\/2018\/02\/morgenkaffe-1.jpg\" alt=\"\" width=\"600\" height=\"450\" srcset=\"http:\/\/www.syenlap.dk\/wp-content\/uploads\/2018\/02\/morgenkaffe-1.jpg 600w, http:\/\/www.syenlap.dk\/wp-content\/uploads\/2018\/02\/morgenkaffe-1-300x225.jpg 300w, http:\/\/www.syenlap.dk\/wp-content\/uploads\/2018\/02\/morgenkaffe-1-400x300.jpg 400w\" sizes=\"auto, (max-width: 600px) 100vw, 600px\" \/><\/a><a href=\"http:\/\/www.syenlap.dk\/?attachment_id=33358\" rel=\"attachment wp-att-33358\"><img loading=\"lazy\" decoding=\"async\" class=\"alignright size-full wp-image-33358\" src=\"http:\/\/www.syenlap.dk\/wp-content\/uploads\/2018\/02\/morgenkaffe-2.jpg\" alt=\"\" width=\"600\" height=\"547\" srcset=\"http:\/\/www.syenlap.dk\/wp-content\/uploads\/2018\/02\/morgenkaffe-2.jpg 600w, http:\/\/www.syenlap.dk\/wp-content\/uploads\/2018\/02\/morgenkaffe-2-300x274.jpg 300w, http:\/\/www.syenlap.dk\/wp-content\/uploads\/2018\/02\/morgenkaffe-2-329x300.jpg 329w\" sizes=\"auto, (max-width: 600px) 100vw, 600px\" \/><\/a><a href=\"http:\/\/www.syenlap.dk\/?attachment_id=33351\" rel=\"attachment wp-att-33351\"><img loading=\"lazy\" decoding=\"async\" class=\"alignright size-full wp-image-33351\" src=\"http:\/\/www.syenlap.dk\/wp-content\/uploads\/2018\/02\/f\u00e6tter-og-kusiner.jpg\" alt=\"\" width=\"600\" height=\"435\" srcset=\"http:\/\/www.syenlap.dk\/wp-content\/uploads\/2018\/02\/f\u00e6tter-og-kusiner.jpg 600w, http:\/\/www.syenlap.dk\/wp-content\/uploads\/2018\/02\/f\u00e6tter-og-kusiner-300x218.jpg 300w, http:\/\/www.syenlap.dk\/wp-content\/uploads\/2018\/02\/f\u00e6tter-og-kusiner-414x300.jpg 414w\" sizes=\"auto, (max-width: 600px) 100vw, 600px\" \/><\/a><a href=\"http:\/\/www.syenlap.dk\/?attachment_id=33350\" rel=\"attachment wp-att-33350\"><img loading=\"lazy\" decoding=\"async\" class=\"alignright size-full wp-image-33350\" src=\"http:\/\/www.syenlap.dk\/wp-content\/uploads\/2018\/02\/morgenkaffe-4.jpg\" alt=\"\" width=\"600\" height=\"471\" srcset=\"http:\/\/www.syenlap.dk\/wp-content\/uploads\/2018\/02\/morgenkaffe-4.jpg 600w, http:\/\/www.syenlap.dk\/wp-content\/uploads\/2018\/02\/morgenkaffe-4-300x236.jpg 300w, http:\/\/www.syenlap.dk\/wp-content\/uploads\/2018\/02\/morgenkaffe-4-382x300.jpg 382w\" sizes=\"auto, (max-width: 600px) 100vw, 600px\" \/><\/a><a href=\"http:\/\/www.syenlap.dk\/?attachment_id=33359\" rel=\"attachment wp-att-33359\"><img loading=\"lazy\" decoding=\"async\" class=\"alignright size-full wp-image-33359\" src=\"http:\/\/www.syenlap.dk\/wp-content\/uploads\/2018\/02\/morgenkaffe-3.jpg\" alt=\"\" width=\"600\" height=\"458\" srcset=\"http:\/\/www.syenlap.dk\/wp-content\/uploads\/2018\/02\/morgenkaffe-3.jpg 600w, http:\/\/www.syenlap.dk\/wp-content\/uploads\/2018\/02\/morgenkaffe-3-300x229.jpg 300w, http:\/\/www.syenlap.dk\/wp-content\/uploads\/2018\/02\/morgenkaffe-3-393x300.jpg 393w\" sizes=\"auto, (max-width: 600px) 100vw, 600px\" \/><\/a><\/p>\n<p>Men de var ikke l\u00e6nge om at tr\u00e6kke i noget t\u00f8j, og ved f\u00e6lles hj\u00e6lp blev der stillet bord og stole op til alle 14! Kaffen og te-vand blev sat over, rundstykker og alt tilbeh\u00f8r havde familien s\u00f8rget for, s\u00e5 inden l\u00e6nge var alle b\u00e6nket og havde en hyggelig morgenstund!<\/p>\n<p>Der var ogs\u00e5 medbragt en helt s\u00e6rlig sten, som s\u00f8ster\/svigerinde har malet til lejligheden, et dejligt minde!<\/p>\n<p><a href=\"http:\/\/www.syenlap.dk\/?attachment_id=33356\" rel=\"attachment wp-att-33356\"><img loading=\"lazy\" decoding=\"async\" class=\"alignright size-full wp-image-33356\" src=\"http:\/\/www.syenlap.dk\/wp-content\/uploads\/2018\/02\/kobberbryllups-sten.jpg\" alt=\"\" width=\"600\" height=\"890\" srcset=\"http:\/\/www.syenlap.dk\/wp-content\/uploads\/2018\/02\/kobberbryllups-sten.jpg 600w, http:\/\/www.syenlap.dk\/wp-content\/uploads\/2018\/02\/kobberbryllups-sten-202x300.jpg 202w\" sizes=\"auto, (max-width: 600px) 100vw, 600px\" \/><\/a><a href=\"http:\/\/www.syenlap.dk\/?attachment_id=33355\" rel=\"attachment wp-att-33355\"><img loading=\"lazy\" decoding=\"async\" class=\"alignright size-full wp-image-33355\" src=\"http:\/\/www.syenlap.dk\/wp-content\/uploads\/2018\/02\/kobberbryllups-sten-2.jpg\" alt=\"\" width=\"600\" height=\"762\" srcset=\"http:\/\/www.syenlap.dk\/wp-content\/uploads\/2018\/02\/kobberbryllups-sten-2.jpg 600w, http:\/\/www.syenlap.dk\/wp-content\/uploads\/2018\/02\/kobberbryllups-sten-2-236x300.jpg 236w\" sizes=\"auto, (max-width: 600px) 100vw, 600px\" \/><\/a><\/p>\n<p>&nbsp;<\/p>\n<p>Og kl 11 var vi med toget mod Jylland igen!<\/p>\n","protected":false},"excerpt":{"rendered":"<p>Der er nogen, der har klaget over, at der er g\u00e5et 5 dage uden opdateringer her! Det beklager jeg &#8211; og det er ikke fordi, jeg er syg! N\u00e6h, jeg har haft travlt, dels med at starte Webstrikkernes Festival 2018 &hellip; <a href=\"http:\/\/www.syenlap.dk\/?p=33349\">L\u00e6s resten <span class=\"meta-nav\">&rarr;<\/span><\/a><\/p>\n","protected":false},"author":2,"featured_media":0,"comment_status":"open","ping_status":"open","sticky":false,"template":"","format":"standard","meta":{"footnotes":""},"categories":[5,12],"tags":[],"class_list":["post-33349","post","type-post","status-publish","format-standard","hentry","category-familien","category-oplevelser"],"_links":{"self":[{"href":"http:\/\/www.syenlap.dk\/index.php?rest_route=\/wp\/v2\/posts\/33349","targetHints":{"allow":["GET"]}}],"collection":[{"href":"http:\/\/www.syenlap.dk\/index.php?rest_route=\/wp\/v2\/posts"}],"about":[{"href":"http:\/\/www.syenlap.dk\/index.php?rest_route=\/wp\/v2\/types\/post"}],"author":[{"embeddable":true,"href":"http:\/\/www.syenlap.dk\/index.php?rest_route=\/wp\/v2\/users\/2"}],"replies":[{"embeddable":true,"href":"http:\/\/www.syenlap.dk\/index.php?rest_route=%2Fwp%2Fv2%2Fcomments&post=33349"}],"version-history":[{"count":2,"href":"http:\/\/www.syenlap.dk\/index.php?rest_route=\/wp\/v2\/posts\/33349\/revisions"}],"predecessor-version":[{"id":33362,"href":"http:\/\/www.syenlap.dk\/index.php?rest_route=\/wp\/v2\/posts\/33349\/revisions\/33362"}],"wp:attachment":[{"href":"http:\/\/www.syenlap.dk\/index.php?rest_route=%2Fwp%2Fv2%2Fmedia&parent=33349"}],"wp:term":[{"taxonomy":"category","embeddable":true,"href":"http:\/\/www.syenlap.dk\/index.php?rest_route=%2Fwp%2Fv2%2Fcategories&post=33349"},{"taxonomy":"post_tag","embeddable":true,"href":"http:\/\/www.syenlap.dk\/index.php?rest_route=%2Fwp%2Fv2%2Ftags&post=33349"}],"curies":[{"name":"wp","href":"https:\/\/api.w.org\/{rel}","templated":true}]}}