{"id":33392,"date":"2018-02-25T17:13:17","date_gmt":"2018-02-25T15:13:17","guid":{"rendered":"http:\/\/www.syenlap.dk\/?p=33392"},"modified":"2018-02-25T17:13:48","modified_gmt":"2018-02-25T15:13:48","slug":"christina-17-aar","status":"publish","type":"post","link":"http:\/\/www.syenlap.dk\/?p=33392","title":{"rendered":"Christina 17 \u00e5r"},"content":{"rendered":"<p>Christina &#8211; mit eneste pige-barnebarn &#8211; bliver 17 \u00e5r i dag &#8211; Til lykke!<\/p>\n<p>Det blev fejret med brunch i den lille familie, og med bedsteveninden og &#8220;gudmoderen&#8221; + Farmor og Diki som g\u00e6ster.<\/p>\n<p><a href=\"http:\/\/www.syenlap.dk\/?attachment_id=33393\" rel=\"attachment wp-att-33393\"><img loading=\"lazy\" decoding=\"async\" class=\"alignright size-full wp-image-33393\" src=\"http:\/\/www.syenlap.dk\/wp-content\/uploads\/2018\/02\/brunch-1.jpg\" alt=\"\" width=\"600\" height=\"450\" srcset=\"http:\/\/www.syenlap.dk\/wp-content\/uploads\/2018\/02\/brunch-1.jpg 600w, http:\/\/www.syenlap.dk\/wp-content\/uploads\/2018\/02\/brunch-1-300x225.jpg 300w, http:\/\/www.syenlap.dk\/wp-content\/uploads\/2018\/02\/brunch-1-400x300.jpg 400w\" sizes=\"auto, (max-width: 600px) 100vw, 600px\" \/><\/a><\/p>\n<p><a href=\"http:\/\/www.syenlap.dk\/?attachment_id=33394\" rel=\"attachment wp-att-33394\"><img loading=\"lazy\" decoding=\"async\" class=\"size-full wp-image-33394 aligncenter\" src=\"http:\/\/www.syenlap.dk\/wp-content\/uploads\/2018\/02\/brunch-2.jpg\" alt=\"\" width=\"500\" height=\"592\" srcset=\"http:\/\/www.syenlap.dk\/wp-content\/uploads\/2018\/02\/brunch-2.jpg 500w, http:\/\/www.syenlap.dk\/wp-content\/uploads\/2018\/02\/brunch-2-253x300.jpg 253w\" sizes=\"auto, (max-width: 500px) 100vw, 500px\" \/><\/a><a href=\"http:\/\/www.syenlap.dk\/?attachment_id=33395\" rel=\"attachment wp-att-33395\"><img loading=\"lazy\" decoding=\"async\" class=\"alignright size-full wp-image-33395\" src=\"http:\/\/www.syenlap.dk\/wp-content\/uploads\/2018\/02\/kaffe-1.jpg\" alt=\"\" width=\"600\" height=\"450\" srcset=\"http:\/\/www.syenlap.dk\/wp-content\/uploads\/2018\/02\/kaffe-1.jpg 600w, http:\/\/www.syenlap.dk\/wp-content\/uploads\/2018\/02\/kaffe-1-300x225.jpg 300w, http:\/\/www.syenlap.dk\/wp-content\/uploads\/2018\/02\/kaffe-1-400x300.jpg 400w\" sizes=\"auto, (max-width: 600px) 100vw, 600px\" \/><\/a><a href=\"http:\/\/www.syenlap.dk\/?attachment_id=33396\" rel=\"attachment wp-att-33396\"><img loading=\"lazy\" decoding=\"async\" class=\"alignright size-full wp-image-33396\" src=\"http:\/\/www.syenlap.dk\/wp-content\/uploads\/2018\/02\/lagkage.jpg\" alt=\"\" width=\"600\" height=\"409\" srcset=\"http:\/\/www.syenlap.dk\/wp-content\/uploads\/2018\/02\/lagkage.jpg 600w, http:\/\/www.syenlap.dk\/wp-content\/uploads\/2018\/02\/lagkage-300x205.jpg 300w, http:\/\/www.syenlap.dk\/wp-content\/uploads\/2018\/02\/lagkage-440x300.jpg 440w\" sizes=\"auto, (max-width: 600px) 100vw, 600px\" \/><\/a><\/p>\n<p>Til eftermiddagskaffen, samtidig med Vinter-OL&#8217;s flotte afslutnings show. havde Farmand lavet sin fantastiske lagkage! Det g\u00f8r han ellers ikke mere, men &#8220;Fars lille pige&#8221; skulle ikke snydes!<\/p>\n<p>Christina havde udelukkende \u00f8nsket sig penge, bl.a. fordi hun skal p\u00e5 studietur til London med gymnasiet, og s\u00e5 m\u00e5tte Farmor lige tr\u00e6de til og &#8220;veksle&#8221; alle kontanterne til MobilePay! For deres egen bank er flyttet til Vejle, og Christina bruger praktisk taget ikke kontanter.<\/p>\n<p>Jamen, det er da en lille ting at hj\u00e6lpe med &#8211; og hun var glad for, at der kom indt\u00e6gt p\u00e5 kontoen.<\/p>\n<p>Nu ikke mere festivitas i de n\u00e6ste uger!<\/p>\n<p>&nbsp;<\/p>\n<p>&nbsp;<\/p>\n","protected":false},"excerpt":{"rendered":"<p>Christina &#8211; mit eneste pige-barnebarn &#8211; bliver 17 \u00e5r i dag &#8211; Til lykke! Det blev fejret med brunch i den lille familie, og med bedsteveninden og &#8220;gudmoderen&#8221; + Farmor og Diki som g\u00e6ster. Til eftermiddagskaffen, samtidig med Vinter-OL&#8217;s flotte &hellip; <a href=\"http:\/\/www.syenlap.dk\/?p=33392\">L\u00e6s resten <span class=\"meta-nav\">&rarr;<\/span><\/a><\/p>\n","protected":false},"author":2,"featured_media":0,"comment_status":"open","ping_status":"open","sticky":false,"template":"","format":"standard","meta":{"footnotes":""},"categories":[68,5],"tags":[],"class_list":["post-33392","post","type-post","status-publish","format-standard","hentry","category-de-sma-glaeder","category-familien"],"_links":{"self":[{"href":"http:\/\/www.syenlap.dk\/index.php?rest_route=\/wp\/v2\/posts\/33392","targetHints":{"allow":["GET"]}}],"collection":[{"href":"http:\/\/www.syenlap.dk\/index.php?rest_route=\/wp\/v2\/posts"}],"about":[{"href":"http:\/\/www.syenlap.dk\/index.php?rest_route=\/wp\/v2\/types\/post"}],"author":[{"embeddable":true,"href":"http:\/\/www.syenlap.dk\/index.php?rest_route=\/wp\/v2\/users\/2"}],"replies":[{"embeddable":true,"href":"http:\/\/www.syenlap.dk\/index.php?rest_route=%2Fwp%2Fv2%2Fcomments&post=33392"}],"version-history":[{"count":4,"href":"http:\/\/www.syenlap.dk\/index.php?rest_route=\/wp\/v2\/posts\/33392\/revisions"}],"predecessor-version":[{"id":33400,"href":"http:\/\/www.syenlap.dk\/index.php?rest_route=\/wp\/v2\/posts\/33392\/revisions\/33400"}],"wp:attachment":[{"href":"http:\/\/www.syenlap.dk\/index.php?rest_route=%2Fwp%2Fv2%2Fmedia&parent=33392"}],"wp:term":[{"taxonomy":"category","embeddable":true,"href":"http:\/\/www.syenlap.dk\/index.php?rest_route=%2Fwp%2Fv2%2Fcategories&post=33392"},{"taxonomy":"post_tag","embeddable":true,"href":"http:\/\/www.syenlap.dk\/index.php?rest_route=%2Fwp%2Fv2%2Ftags&post=33392"}],"curies":[{"name":"wp","href":"https:\/\/api.w.org\/{rel}","templated":true}]}}