{"id":33401,"date":"2018-02-28T01:55:17","date_gmt":"2018-02-27T23:55:17","guid":{"rendered":"http:\/\/www.syenlap.dk\/?p=33401"},"modified":"2018-02-28T01:56:07","modified_gmt":"2018-02-27T23:56:07","slug":"helt-vildt","status":"publish","type":"post","link":"http:\/\/www.syenlap.dk\/?p=33401","title":{"rendered":"Helt vildt!"},"content":{"rendered":"<p>Jeg har holdt mig hjemme i dag &#8211; det har sneet og f\u00f8get hele dagen, s\u00e5 Diki og jeg har kun g\u00e5et korte ture &#8211; han elsker sneen! Men bl\u00e6sten kunne han ikke lide! S\u00e5 selv hans sm\u00e5 ture i haven i dagens l\u00f8b har v\u00e6ret korte. Og da jeg skovlede min indgang fri for sne, sad han og puttede sig i l\u00e6!<\/p>\n<p>Men n\u00e5r han s\u00e5 kommer ind og kigger p\u00e5 mig med sne-fj\u00e6s, s\u00e5 kan jeg ikke lade v\u00e6re at grine, han ser s\u00e5 s\u00f8d ud. Og han ved godt, at han skal t\u00f8rres for al den sne, s\u00e5 han st\u00e5r bare og kigger p\u00e5 mig, indtil jeg kommer med h\u00e5ndkl\u00e6det. Det blir til en lille k\u00e6lestund, som vi begge nyder.<\/p>\n<p>Jeg har brugt dagen p\u00e5 at g\u00f8re t\u00e6pper klar, som en t\u00e6ppetante henter i morgen for at bringe dem til Julem\u00e6rkehjemmet Liljeborg i Roskilde. Der er b\u00e5de senget\u00e6pper og puttet\u00e6pper. Og jeg har n\u00e5et at sy lukkekant p\u00e5 2 meget smukke puttet\u00e6pper, som en gruppe i K\u00f8benhavn har syet.<\/p>\n<p><a href=\"http:\/\/www.syenlap.dk\/?attachment_id=33402\" rel=\"attachment wp-att-33402\"><img loading=\"lazy\" decoding=\"async\" class=\"alignright size-full wp-image-33402\" src=\"http:\/\/www.syenlap.dk\/wp-content\/uploads\/2018\/02\/1802-city-quilterne-1.jpg\" alt=\"\" width=\"600\" height=\"626\" srcset=\"http:\/\/www.syenlap.dk\/wp-content\/uploads\/2018\/02\/1802-city-quilterne-1.jpg 600w, http:\/\/www.syenlap.dk\/wp-content\/uploads\/2018\/02\/1802-city-quilterne-1-288x300.jpg 288w\" sizes=\"auto, (max-width: 600px) 100vw, 600px\" \/><\/a><\/p>\n<p>Her er det ene, som jeg m\u00e5tte fotografere indend\u00f8re &#8211; det er lidt synd, for farverne bliver ikke s\u00e5 fine, men bl\u00e6sten piskede s\u00e5 h\u00e5rdt, at jeg ikke kunne f\u00e5 det til at h\u00e6nge stille p\u00e5 t\u00f8rresnoren, da jeg fors\u00f8gte i en pause i snevejret. Jeg h\u00e5ber, det lykkes bedre med dem begge 2 i morgen.<\/p>\n","protected":false},"excerpt":{"rendered":"<p>Jeg har holdt mig hjemme i dag &#8211; det har sneet og f\u00f8get hele dagen, s\u00e5 Diki og jeg har kun g\u00e5et korte ture &#8211; han elsker sneen! Men bl\u00e6sten kunne han ikke lide! S\u00e5 selv hans sm\u00e5 ture i &hellip; <a href=\"http:\/\/www.syenlap.dk\/?p=33401\">L\u00e6s resten <span class=\"meta-nav\">&rarr;<\/span><\/a><\/p>\n","protected":false},"author":2,"featured_media":0,"comment_status":"open","ping_status":"open","sticky":false,"template":"","format":"standard","meta":{"footnotes":""},"categories":[68,4,15,69],"tags":[],"class_list":["post-33401","post","type-post","status-publish","format-standard","hentry","category-de-sma-glaeder","category-dyr","category-patchwork","category-puttetaepper-til-born-pa-julemaerkehjem"],"_links":{"self":[{"href":"http:\/\/www.syenlap.dk\/index.php?rest_route=\/wp\/v2\/posts\/33401","targetHints":{"allow":["GET"]}}],"collection":[{"href":"http:\/\/www.syenlap.dk\/index.php?rest_route=\/wp\/v2\/posts"}],"about":[{"href":"http:\/\/www.syenlap.dk\/index.php?rest_route=\/wp\/v2\/types\/post"}],"author":[{"embeddable":true,"href":"http:\/\/www.syenlap.dk\/index.php?rest_route=\/wp\/v2\/users\/2"}],"replies":[{"embeddable":true,"href":"http:\/\/www.syenlap.dk\/index.php?rest_route=%2Fwp%2Fv2%2Fcomments&post=33401"}],"version-history":[{"count":2,"href":"http:\/\/www.syenlap.dk\/index.php?rest_route=\/wp\/v2\/posts\/33401\/revisions"}],"predecessor-version":[{"id":33404,"href":"http:\/\/www.syenlap.dk\/index.php?rest_route=\/wp\/v2\/posts\/33401\/revisions\/33404"}],"wp:attachment":[{"href":"http:\/\/www.syenlap.dk\/index.php?rest_route=%2Fwp%2Fv2%2Fmedia&parent=33401"}],"wp:term":[{"taxonomy":"category","embeddable":true,"href":"http:\/\/www.syenlap.dk\/index.php?rest_route=%2Fwp%2Fv2%2Fcategories&post=33401"},{"taxonomy":"post_tag","embeddable":true,"href":"http:\/\/www.syenlap.dk\/index.php?rest_route=%2Fwp%2Fv2%2Ftags&post=33401"}],"curies":[{"name":"wp","href":"https:\/\/api.w.org\/{rel}","templated":true}]}}