{"id":33422,"date":"2018-03-05T09:27:11","date_gmt":"2018-03-05T07:27:11","guid":{"rendered":"http:\/\/www.syenlap.dk\/?p=33422"},"modified":"2018-03-05T09:27:11","modified_gmt":"2018-03-05T07:27:11","slug":"i-sne-og-sjap-flaget-skal-op","status":"publish","type":"post","link":"http:\/\/www.syenlap.dk\/?p=33422","title":{"rendered":"I sne og sjap &#8211; flaget skal op!"},"content":{"rendered":"<p><a href=\"http:\/\/www.syenlap.dk\/?attachment_id=33423\" rel=\"attachment wp-att-33423\"><img loading=\"lazy\" decoding=\"async\" class=\"alignright size-full wp-image-33423\" src=\"http:\/\/www.syenlap.dk\/wp-content\/uploads\/2018\/03\/060318-flag-og-sne.jpg\" alt=\"\" width=\"600\" height=\"667\" srcset=\"http:\/\/www.syenlap.dk\/wp-content\/uploads\/2018\/03\/060318-flag-og-sne.jpg 600w, http:\/\/www.syenlap.dk\/wp-content\/uploads\/2018\/03\/060318-flag-og-sne-270x300.jpg 270w\" sizes=\"auto, (max-width: 600px) 100vw, 600px\" \/><\/a><\/p>\n<p>Selvf\u00f8lgelig skal flaget op, n\u00e5r en af naboerne fylder 95 \u00e5r i dag &#8211; til lykke Johannes!<\/p>\n<p>Vi flager p\u00e5 alle f\u00f8dselsdage &#8211; hvis vejr og helbred tillader &#8211; og det var s\u00e5dan, jeg blev flaghejser-vikar for 2 \u00e5r siden. Det er blevet permanent, og jeg hejser flag sammen med vores formandinde fast nu. Jeg var godt nok lidt nerv\u00f8s for, om flagsnoren var frosset fast, den er nemlig ikke blevet r\u00f8rt i februar, men den k\u00f8rte fint, og den fine sne, der er faldet her hele morgenen og allerede ligger tykt, var ingen hindring.<\/p>\n<p>Jeg n\u00e5ede at g\u00e5 med Diki inden kl 8, og jeg fik skovlet min indk\u00f8rsel efter flaghejsningen, s\u00e5 det har v\u00e6ret en aktiv morgen!<\/p>\n<p>Jeg skal dog ikke ud at k\u00f8re, f\u00f8r der er nogenlunde ryddet, s\u00e5 Depotg\u00e5rden m\u00e5 vente!<\/p>\n","protected":false},"excerpt":{"rendered":"<p>Selvf\u00f8lgelig skal flaget op, n\u00e5r en af naboerne fylder 95 \u00e5r i dag &#8211; til lykke Johannes! Vi flager p\u00e5 alle f\u00f8dselsdage &#8211; hvis vejr og helbred tillader &#8211; og det var s\u00e5dan, jeg blev flaghejser-vikar for 2 \u00e5r siden. &hellip; <a href=\"http:\/\/www.syenlap.dk\/?p=33422\">L\u00e6s resten <span class=\"meta-nav\">&rarr;<\/span><\/a><\/p>\n","protected":false},"author":2,"featured_media":0,"comment_status":"open","ping_status":"open","sticky":false,"template":"","format":"standard","meta":{"footnotes":""},"categories":[68,18],"tags":[],"class_list":["post-33422","post","type-post","status-publish","format-standard","hentry","category-de-sma-glaeder","category-vores-samfund"],"_links":{"self":[{"href":"http:\/\/www.syenlap.dk\/index.php?rest_route=\/wp\/v2\/posts\/33422","targetHints":{"allow":["GET"]}}],"collection":[{"href":"http:\/\/www.syenlap.dk\/index.php?rest_route=\/wp\/v2\/posts"}],"about":[{"href":"http:\/\/www.syenlap.dk\/index.php?rest_route=\/wp\/v2\/types\/post"}],"author":[{"embeddable":true,"href":"http:\/\/www.syenlap.dk\/index.php?rest_route=\/wp\/v2\/users\/2"}],"replies":[{"embeddable":true,"href":"http:\/\/www.syenlap.dk\/index.php?rest_route=%2Fwp%2Fv2%2Fcomments&post=33422"}],"version-history":[{"count":1,"href":"http:\/\/www.syenlap.dk\/index.php?rest_route=\/wp\/v2\/posts\/33422\/revisions"}],"predecessor-version":[{"id":33424,"href":"http:\/\/www.syenlap.dk\/index.php?rest_route=\/wp\/v2\/posts\/33422\/revisions\/33424"}],"wp:attachment":[{"href":"http:\/\/www.syenlap.dk\/index.php?rest_route=%2Fwp%2Fv2%2Fmedia&parent=33422"}],"wp:term":[{"taxonomy":"category","embeddable":true,"href":"http:\/\/www.syenlap.dk\/index.php?rest_route=%2Fwp%2Fv2%2Fcategories&post=33422"},{"taxonomy":"post_tag","embeddable":true,"href":"http:\/\/www.syenlap.dk\/index.php?rest_route=%2Fwp%2Fv2%2Ftags&post=33422"}],"curies":[{"name":"wp","href":"https:\/\/api.w.org\/{rel}","templated":true}]}}