{"id":33425,"date":"2018-03-08T10:16:16","date_gmt":"2018-03-08T08:16:16","guid":{"rendered":"http:\/\/www.syenlap.dk\/?p=33425"},"modified":"2018-03-08T10:16:16","modified_gmt":"2018-03-08T08:16:16","slug":"dagene-flyver-af-sted","status":"publish","type":"post","link":"http:\/\/www.syenlap.dk\/?p=33425","title":{"rendered":"Dagene flyver af sted"},"content":{"rendered":"<p>I denne uge er der 3 flagdage her i foreningen, og de 2 er forel\u00f8big lykkedes fint trods vejret.<\/p>\n<p>Og s\u00e5 flyver dagene af sted, fordi vi har gang i pr\u00e6sentationen af Projekt Puttet\u00e6ppers m\u00f8nster 2018 ude i butikkerne. Og det skal f\u00f8lges op p\u00e5 diverse hjemmesider og Facebook, men det er dejligt at konstatere, at det bliver taget godt imod.<\/p>\n<p>Jeg g\u00e5r lige nu og venter p\u00e5, at sneen skal stilne af, s\u00e5 jeg kan fotografere det flotte senget\u00e6ppe, som jeg syede lukkekant p\u00e5 i g\u00e5r (gad vide, hvor mange lukkekanter, jeg har syet p\u00e5 t\u00e6pper, som andre har syet?).<\/p>\n<p>Det er s\u00e5 flot, og jeg kan fotografere det p\u00e5 t\u00f8rresnoren p\u00e5 den lange led, som vil v\u00e6re det rigtige i forhold til den m\u00e5de, det er syet p\u00e5.<\/p>\n<p><a href=\"http:\/\/www.syenlap.dk\/?attachment_id=33427\" rel=\"attachment wp-att-33427\"><img loading=\"lazy\" decoding=\"async\" class=\"alignright size-full wp-image-33427\" src=\"http:\/\/www.syenlap.dk\/wp-content\/uploads\/2018\/03\/34-tull-meldgaard.jpg\" alt=\"\" width=\"800\" height=\"530\" srcset=\"http:\/\/www.syenlap.dk\/wp-content\/uploads\/2018\/03\/34-tull-meldgaard.jpg 800w, http:\/\/www.syenlap.dk\/wp-content\/uploads\/2018\/03\/34-tull-meldgaard-300x199.jpg 300w, http:\/\/www.syenlap.dk\/wp-content\/uploads\/2018\/03\/34-tull-meldgaard-768x509.jpg 768w, http:\/\/www.syenlap.dk\/wp-content\/uploads\/2018\/03\/34-tull-meldgaard-453x300.jpg 453w\" sizes=\"auto, (max-width: 800px) 100vw, 800px\" \/><\/a><\/p>\n<p>Det samme g\u00f8r sig g\u00e6ldende med dette, som ogs\u00e5 er et senget\u00e6ppe til en seng p\u00e5 Julem\u00e6rkehjemmet Liljeborg, og som blev f\u00e6rdigt tidligere p\u00e5 ugen. Det er s\u00e5 smukt syet og lidt utraditionelt med de &#8220;Flying Geese&#8221;, der &#8220;flyver&#8221; i grupper.<\/p>\n<p><a href=\"http:\/\/www.syenlap.dk\/?attachment_id=33426\" rel=\"attachment wp-att-33426\"><img loading=\"lazy\" decoding=\"async\" class=\"alignright size-full wp-image-33426\" src=\"http:\/\/www.syenlap.dk\/wp-content\/uploads\/2018\/03\/070318-depot-quilt.jpg\" alt=\"\" width=\"600\" height=\"756\" srcset=\"http:\/\/www.syenlap.dk\/wp-content\/uploads\/2018\/03\/070318-depot-quilt.jpg 600w, http:\/\/www.syenlap.dk\/wp-content\/uploads\/2018\/03\/070318-depot-quilt-238x300.jpg 238w\" sizes=\"auto, (max-width: 600px) 100vw, 600px\" \/><\/a><\/p>\n<p>I g\u00e5r p\u00e5 Depotg\u00e5rden var Laila blevet f\u00e6rdig med at quilte et meget s\u00f8dt puttet\u00e6ppe i friske farver. Det er en gruppe i S\u00f8nderborg, der har syet toppen som gruppearbejde, og jeg var s\u00e5 heldig, at jeg havde et smukt stykke stof, som passer perfekt til kanter. Nu skal jeg finde stof til endnu en lukkekant \ud83d\ude09 . Men det er en forn\u00f8jelse!<\/p>\n<p>I morgen drager jeg til Skjern for at bes\u00f8ge en patchworkbutik sammen med Birgith, hvor vi skal &#8220;p\u00e5 job&#8221; og vise det nye m\u00f8nster og forskellige teknikker. Det gl\u00e6der jeg mig til.<\/p>\n","protected":false},"excerpt":{"rendered":"<p>I denne uge er der 3 flagdage her i foreningen, og de 2 er forel\u00f8big lykkedes fint trods vejret. Og s\u00e5 flyver dagene af sted, fordi vi har gang i pr\u00e6sentationen af Projekt Puttet\u00e6ppers m\u00f8nster 2018 ude i butikkerne. Og &hellip; <a href=\"http:\/\/www.syenlap.dk\/?p=33425\">L\u00e6s resten <span class=\"meta-nav\">&rarr;<\/span><\/a><\/p>\n","protected":false},"author":2,"featured_media":0,"comment_status":"open","ping_status":"open","sticky":false,"template":"","format":"standard","meta":{"footnotes":""},"categories":[15,69],"tags":[],"class_list":["post-33425","post","type-post","status-publish","format-standard","hentry","category-patchwork","category-puttetaepper-til-born-pa-julemaerkehjem"],"_links":{"self":[{"href":"http:\/\/www.syenlap.dk\/index.php?rest_route=\/wp\/v2\/posts\/33425","targetHints":{"allow":["GET"]}}],"collection":[{"href":"http:\/\/www.syenlap.dk\/index.php?rest_route=\/wp\/v2\/posts"}],"about":[{"href":"http:\/\/www.syenlap.dk\/index.php?rest_route=\/wp\/v2\/types\/post"}],"author":[{"embeddable":true,"href":"http:\/\/www.syenlap.dk\/index.php?rest_route=\/wp\/v2\/users\/2"}],"replies":[{"embeddable":true,"href":"http:\/\/www.syenlap.dk\/index.php?rest_route=%2Fwp%2Fv2%2Fcomments&post=33425"}],"version-history":[{"count":1,"href":"http:\/\/www.syenlap.dk\/index.php?rest_route=\/wp\/v2\/posts\/33425\/revisions"}],"predecessor-version":[{"id":33428,"href":"http:\/\/www.syenlap.dk\/index.php?rest_route=\/wp\/v2\/posts\/33425\/revisions\/33428"}],"wp:attachment":[{"href":"http:\/\/www.syenlap.dk\/index.php?rest_route=%2Fwp%2Fv2%2Fmedia&parent=33425"}],"wp:term":[{"taxonomy":"category","embeddable":true,"href":"http:\/\/www.syenlap.dk\/index.php?rest_route=%2Fwp%2Fv2%2Fcategories&post=33425"},{"taxonomy":"post_tag","embeddable":true,"href":"http:\/\/www.syenlap.dk\/index.php?rest_route=%2Fwp%2Fv2%2Ftags&post=33425"}],"curies":[{"name":"wp","href":"https:\/\/api.w.org\/{rel}","templated":true}]}}