{"id":33456,"date":"2018-03-14T01:41:45","date_gmt":"2018-03-13T23:41:45","guid":{"rendered":"http:\/\/www.syenlap.dk\/?p=33456"},"modified":"2018-03-14T01:41:45","modified_gmt":"2018-03-13T23:41:45","slug":"endelig-4","status":"publish","type":"post","link":"http:\/\/www.syenlap.dk\/?p=33456","title":{"rendered":"Endelig!"},"content":{"rendered":"<p>Det forekommer mig underligt at kunne\u00a0 gl\u00e6de sig over, at ens s\u00f8n p\u00e5 50 \u00e5r er blevet tilkendt f\u00f8rtidspension!<\/p>\n<p>Men det er s\u00e5dan, det er!<br \/>\nEfter flere \u00e5rs fortr\u00e6deligheder og usikkerhed, som n\u00e6sten ikke har v\u00e6ret til at b\u00e6re, fik \u00e6ldstes\u00f8nnen i g\u00e5r besked om, at det m\u00f8de, der fandt sted i sidste uge, hvor han blev indstillet til pension, var blevet afgjort af kommunen i fredags. P\u00e5 n\u00f8jagtig samme grundlag, som han fik afslag for 1\u00bd \u00e5r siden!<br \/>\nFra 1. april vil han modtage f\u00f8rtidspension.<\/p>\n<p>Baggrunden er trist, idet han ikke har kunne g\u00e5 siden flere hofteoperationer i 2012 og 2013, og har ustandselige smerter, der forhindrer ham i et normalt liv, s\u00e5 han nu i flere \u00e5r har v\u00e6ret k\u00f8restolsbruger og afh\u00e6ngig af andres hj\u00e6lp til bl.a. at komme ud af huset, da han ikke selv kan k\u00f8re bil.<\/p>\n<p>Der tales og skrives for tiden mange triste og opr\u00f8rende historier om mennesker, der pga sygdom af forskellig slags ikke kan arbejde, men afkr\u00e6ves helt urimelige arbejdspr\u00f8vninger af de respektive kommuner. Dette kunne v\u00e6re en af disse historier.<\/p>\n<p>Og det er ikke kun fysisk, man tager skade af urealistisk arbejdspr\u00f8vning &#8211; nej psykisk vil det v\u00e6re de f\u00e6rreste, der undg\u00e5r at tage skade af den nedv\u00e6rdigende behandling.<\/p>\n<p>Jeg kunne godt t\u00e6nke mig at stille nogle sp\u00f8rgsm\u00e5l:<\/p>\n<p>Hvad er det for nogle fagpersoner, der f.eks. ikke l\u00e6ser flere l\u00e6geudtalelser, der g\u00f8r det helt klart, at den p\u00e5g\u00e6ldende ikke kan udfylde et job? Og at han efter flere l\u00e6gers bed\u00f8mmelse er selvmordstruet?<\/p>\n<p>Han har hele sit arbejdsliv arbejdet h\u00e5rdt, fors\u00f8rget sin familie, og har haft et godt socialt liv, v\u00e6ret &#8220;vennernes ven&#8221;, og ogs\u00e5 blandet sig i lokal politik. Skulle s\u00e5dan en helt almindelig borger ikke kunne forvente st\u00f8tte, n\u00e5r helbredet svigter? Man m\u00e5 harmes!<br \/>\nHan har ovenik\u00f8bet selv sikret familien &#8211; troede han &#8211; ved at tegne en uarbejdsdygtigheds forsikring, da han stiftede familie og havde risikofyldt arbejde. Den har han betalt i dyre domme i mange \u00e5r, og derfra fik han den ydelse, han var berettiget til med det handicap, han fik. Men det gav bagslag, for den indt\u00e6gt, mindre end en kontanthj\u00e6lp, blev modregnet, s\u00e5 han i \u00e5revis slet ingen \u00f8konomisk ydelse fik fra det offentlige!<\/p>\n<p>Der er s\u00e5 mange detaljer i denne sag, og den har pint mig i \u00e5revis. Det er tungt, n\u00e5r ens b\u00f8rn lider, og man ikke kan hj\u00e6lpe!<\/p>\n<p>Men nu er jeg glad! Og jeg gl\u00e6der mig over den lille families gl\u00e6de og de muligheder, de ser nu for at f\u00e5 et helt normalt liv &#8211; s\u00e5 normalt som det nu kan blive, men med flere v\u00e6rdier!<\/p>\n","protected":false},"excerpt":{"rendered":"<p>Det forekommer mig underligt at kunne\u00a0 gl\u00e6de sig over, at ens s\u00f8n p\u00e5 50 \u00e5r er blevet tilkendt f\u00f8rtidspension! Men det er s\u00e5dan, det er! Efter flere \u00e5rs fortr\u00e6deligheder og usikkerhed, som n\u00e6sten ikke har v\u00e6ret til at b\u00e6re, fik &hellip; <a href=\"http:\/\/www.syenlap.dk\/?p=33456\">L\u00e6s resten <span class=\"meta-nav\">&rarr;<\/span><\/a><\/p>\n","protected":false},"author":2,"featured_media":0,"comment_status":"open","ping_status":"open","sticky":false,"template":"","format":"standard","meta":{"footnotes":""},"categories":[5,18],"tags":[],"class_list":["post-33456","post","type-post","status-publish","format-standard","hentry","category-familien","category-vores-samfund"],"_links":{"self":[{"href":"http:\/\/www.syenlap.dk\/index.php?rest_route=\/wp\/v2\/posts\/33456","targetHints":{"allow":["GET"]}}],"collection":[{"href":"http:\/\/www.syenlap.dk\/index.php?rest_route=\/wp\/v2\/posts"}],"about":[{"href":"http:\/\/www.syenlap.dk\/index.php?rest_route=\/wp\/v2\/types\/post"}],"author":[{"embeddable":true,"href":"http:\/\/www.syenlap.dk\/index.php?rest_route=\/wp\/v2\/users\/2"}],"replies":[{"embeddable":true,"href":"http:\/\/www.syenlap.dk\/index.php?rest_route=%2Fwp%2Fv2%2Fcomments&post=33456"}],"version-history":[{"count":4,"href":"http:\/\/www.syenlap.dk\/index.php?rest_route=\/wp\/v2\/posts\/33456\/revisions"}],"predecessor-version":[{"id":33461,"href":"http:\/\/www.syenlap.dk\/index.php?rest_route=\/wp\/v2\/posts\/33456\/revisions\/33461"}],"wp:attachment":[{"href":"http:\/\/www.syenlap.dk\/index.php?rest_route=%2Fwp%2Fv2%2Fmedia&parent=33456"}],"wp:term":[{"taxonomy":"category","embeddable":true,"href":"http:\/\/www.syenlap.dk\/index.php?rest_route=%2Fwp%2Fv2%2Fcategories&post=33456"},{"taxonomy":"post_tag","embeddable":true,"href":"http:\/\/www.syenlap.dk\/index.php?rest_route=%2Fwp%2Fv2%2Ftags&post=33456"}],"curies":[{"name":"wp","href":"https:\/\/api.w.org\/{rel}","templated":true}]}}