{"id":335,"date":"2008-09-09T19:14:38","date_gmt":"2008-09-09T17:14:38","guid":{"rendered":"http:\/\/www.syenlap.dk\/?p=335"},"modified":"2008-09-09T19:14:38","modified_gmt":"2008-09-09T17:14:38","slug":"i-bakkelandet","status":"publish","type":"post","link":"http:\/\/www.syenlap.dk\/?p=335","title":{"rendered":"I bakkelandet"},"content":{"rendered":"<div class=\"mceTemp\"><a href=\"http:\/\/www.syenlap.dk\/wp-content\/uploads\/2008\/09\/hyben.jpg\" rel=\"lightbox[335]\"><\/a><\/p>\n<dl id=\"attachment_336\" class=\"wp-caption alignright\" style=\"width: 460px;\">\n<dt class=\"wp-caption-dt\"><a href=\"http:\/\/www.syenlap.dk\/wp-content\/uploads\/2008\/09\/sc3b8en.jpg\" rel=\"lightbox[335]\"><img loading=\"lazy\" decoding=\"async\" class=\"size-full wp-image-336\" title=\"bakkelandet\" src=\"http:\/\/www.syenlap.dk\/wp-content\/uploads\/2008\/09\/sc3b8en.jpg\" alt=\"Ring S\u00f8\" width=\"450\" height=\"354\" \/><\/a><\/dt>\n<dd class=\"wp-caption-dd\">Ring S\u00f8<\/dd>\n<\/dl>\n<\/div>\n<p>\u00a0<\/p>\n<p>N\u00e6sten hver formiddag, n\u00e5r &#8220;Whisky&#8221; og jeg g\u00e5r en god lang tur ned forbi Ring S\u00f8, t\u00e6nker jeg p\u00e5, at jeg skulle have husket fotoapparatet. For der er s\u00e5 smukt. Og i dag, hvor vejret var rigtig dejligt, huskede jeg det. S\u00e5 her er Ring S\u00f8, som ligger i udkanten af Br\u00e6dstrup i Bakkelandet, som vi siger.<\/p>\n<p><a href=\"http:\/\/www.syenlap.dk\/wp-content\/uploads\/2008\/09\/hyben.jpg\" rel=\"lightbox[335]\"><img loading=\"lazy\" decoding=\"async\" class=\"size-full wp-image-338\" title=\"hyben\" src=\"http:\/\/www.syenlap.dk\/wp-content\/uploads\/2008\/09\/hyben.jpg\" alt=\"Modne hyben\" width=\"450\" height=\"338\" \/><\/a><\/p>\n<p>Nu er der hyben at plukke.<\/p>\n<div class=\"mceTemp\">\n<div class=\"mceTemp\">\n<div class=\"mceTemp\">\n<div id=\"attachment_342\" style=\"width: 460px\" class=\"wp-caption alignright\"><a href=\"http:\/\/www.syenlap.dk\/wp-content\/uploads\/2008\/09\/svaner2.jpg\" rel=\"lightbox[335]\"><img loading=\"lazy\" decoding=\"async\" aria-describedby=\"caption-attachment-342\" class=\"size-full wp-image-342\" title=\"svaner2\" src=\"http:\/\/www.syenlap.dk\/wp-content\/uploads\/2008\/09\/svaner2.jpg\" alt=\"Svaner og k\u00f8er p\u00e5 gr\u00e6s\" width=\"450\" height=\"370\" \/><\/a><p id=\"caption-attachment-342\" class=\"wp-caption-text\">Svaner og k\u00f8er p\u00e5 gr\u00e6s<\/p><\/div>\n<div class=\"mceTemp\">\n<div id=\"attachment_344\" style=\"width: 235px\" class=\"wp-caption alignleft\"><a href=\"http:\/\/www.syenlap.dk\/wp-content\/uploads\/2008\/09\/whisky.jpg\" rel=\"lightbox[335]\"><img loading=\"lazy\" decoding=\"async\" aria-describedby=\"caption-attachment-344\" class=\"size-medium wp-image-344\" title=\"whisky\" src=\"http:\/\/www.syenlap.dk\/wp-content\/uploads\/2008\/09\/whisky-225x300.jpg\" alt=\"Min f\u00f8lgesvend\" width=\"225\" height=\"300\" \/><\/a><p id=\"caption-attachment-344\" class=\"wp-caption-text\">Min f\u00f8lgesvend<\/p><\/div>\n<\/div>\n<div class=\"mceTemp\">Og min opm\u00e6rksomme f\u00f8lgesvend\u00a0f\u00f8lger med i \u00a0det hele, b\u00e5de kondil\u00f8bere, som han gerne vil lege med &#8211; de er ikke s\u00e5 begejstrede &#8211;\u00a0dagplejeb\u00f8rnene p\u00e5 tur, som er begejstrede for ham &#8211; og omvendt, katte, som han gerne vil jagte! og s\u00f8en, som han elsker at sv\u00f8mme i.<\/div>\n<div class=\"mceTemp\">Uden ham ville jeg m\u00e5ske ikke komme ud at g\u00e5, s\u00e5 sad jeg nok og syede eller strikkede. S\u00e5 selv om det m\u00e5ske var voveligt i vores alder\u00a0at begynde forfra med en 8 ugers hvalp for 4 \u00e5r siden, og selv om han ikke har v\u00e6ret nem at opdrage (han har en st\u00e6rk vilje og psyke), s\u00e5\u00a0var det godt, vi gjorde det.<\/div>\n<\/div>\n<\/div>\n<\/div>\n","protected":false},"excerpt":{"rendered":"<p>Ring S\u00f8 \u00a0 N\u00e6sten hver formiddag, n\u00e5r &#8220;Whisky&#8221; og jeg g\u00e5r en god lang tur ned forbi Ring S\u00f8, t\u00e6nker jeg p\u00e5, at jeg skulle have husket fotoapparatet. For der er s\u00e5 smukt. Og i dag, hvor vejret var rigtig &hellip; <a href=\"http:\/\/www.syenlap.dk\/?p=335\">L\u00e6s resten <span class=\"meta-nav\">&rarr;<\/span><\/a><\/p>\n","protected":false},"author":2,"featured_media":0,"comment_status":"open","ping_status":"open","sticky":false,"template":"","format":"standard","meta":{"footnotes":""},"categories":[12],"tags":[],"class_list":["post-335","post","type-post","status-publish","format-standard","hentry","category-oplevelser"],"_links":{"self":[{"href":"http:\/\/www.syenlap.dk\/index.php?rest_route=\/wp\/v2\/posts\/335","targetHints":{"allow":["GET"]}}],"collection":[{"href":"http:\/\/www.syenlap.dk\/index.php?rest_route=\/wp\/v2\/posts"}],"about":[{"href":"http:\/\/www.syenlap.dk\/index.php?rest_route=\/wp\/v2\/types\/post"}],"author":[{"embeddable":true,"href":"http:\/\/www.syenlap.dk\/index.php?rest_route=\/wp\/v2\/users\/2"}],"replies":[{"embeddable":true,"href":"http:\/\/www.syenlap.dk\/index.php?rest_route=%2Fwp%2Fv2%2Fcomments&post=335"}],"version-history":[{"count":0,"href":"http:\/\/www.syenlap.dk\/index.php?rest_route=\/wp\/v2\/posts\/335\/revisions"}],"wp:attachment":[{"href":"http:\/\/www.syenlap.dk\/index.php?rest_route=%2Fwp%2Fv2%2Fmedia&parent=335"}],"wp:term":[{"taxonomy":"category","embeddable":true,"href":"http:\/\/www.syenlap.dk\/index.php?rest_route=%2Fwp%2Fv2%2Fcategories&post=335"},{"taxonomy":"post_tag","embeddable":true,"href":"http:\/\/www.syenlap.dk\/index.php?rest_route=%2Fwp%2Fv2%2Ftags&post=335"}],"curies":[{"name":"wp","href":"https:\/\/api.w.org\/{rel}","templated":true}]}}