{"id":34238,"date":"2018-08-22T23:53:17","date_gmt":"2018-08-22T21:53:17","guid":{"rendered":"http:\/\/www.syenlap.dk\/?p=34238"},"modified":"2018-08-22T23:53:17","modified_gmt":"2018-08-22T21:53:17","slug":"sikke-en-aktivitet-paa-depotgaarden","status":"publish","type":"post","link":"http:\/\/www.syenlap.dk\/?p=34238","title":{"rendered":"Sikke en aktivitet p\u00e5 Depotg\u00e5rden!"},"content":{"rendered":"<p>Det er godt, vi har f\u00e5et mere plads p\u00e5 Tekstilv\u00e6rkstedet, for nu, hvor sommerferierne er ved at v\u00e6re ovre, er vi s\u00e5 mange som aldrig f\u00f8r!<\/p>\n<p><a href=\"http:\/\/www.syenlap.dk\/?attachment_id=34239\" rel=\"attachment wp-att-34239\"><img loading=\"lazy\" decoding=\"async\" class=\"alignright size-full wp-image-34239\" src=\"http:\/\/www.syenlap.dk\/wp-content\/uploads\/2018\/08\/220818-aja-quilter-1.jpg\" alt=\"\" width=\"600\" height=\"623\" srcset=\"http:\/\/www.syenlap.dk\/wp-content\/uploads\/2018\/08\/220818-aja-quilter-1.jpg 600w, http:\/\/www.syenlap.dk\/wp-content\/uploads\/2018\/08\/220818-aja-quilter-1-289x300.jpg 289w\" sizes=\"auto, (max-width: 600px) 100vw, 600px\" \/><\/a>I dag quiltede Aja hele 3 puttet\u00e6pper for Projekt Puttet\u00e6pper.<\/p>\n<p><a href=\"http:\/\/www.syenlap.dk\/?attachment_id=34240\" rel=\"attachment wp-att-34240\"><img loading=\"lazy\" decoding=\"async\" class=\"alignright size-full wp-image-34240\" src=\"http:\/\/www.syenlap.dk\/wp-content\/uploads\/2018\/08\/220818-aja-quiltet-1.jpg\" alt=\"\" width=\"600\" height=\"744\" srcset=\"http:\/\/www.syenlap.dk\/wp-content\/uploads\/2018\/08\/220818-aja-quiltet-1.jpg 600w, http:\/\/www.syenlap.dk\/wp-content\/uploads\/2018\/08\/220818-aja-quiltet-1-242x300.jpg 242w\" sizes=\"auto, (max-width: 600px) 100vw, 600px\" \/><\/a> <a href=\"http:\/\/www.syenlap.dk\/?attachment_id=34241\" rel=\"attachment wp-att-34241\"><img loading=\"lazy\" decoding=\"async\" class=\"alignright size-full wp-image-34241\" src=\"http:\/\/www.syenlap.dk\/wp-content\/uploads\/2018\/08\/220818-aja-quiltet-2.jpg\" alt=\"\" width=\"600\" height=\"586\" srcset=\"http:\/\/www.syenlap.dk\/wp-content\/uploads\/2018\/08\/220818-aja-quiltet-2.jpg 600w, http:\/\/www.syenlap.dk\/wp-content\/uploads\/2018\/08\/220818-aja-quiltet-2-300x293.jpg 300w, http:\/\/www.syenlap.dk\/wp-content\/uploads\/2018\/08\/220818-aja-quiltet-2-307x300.jpg 307w\" sizes=\"auto, (max-width: 600px) 100vw, 600px\" \/><\/a> <a href=\"http:\/\/www.syenlap.dk\/?attachment_id=34242\" rel=\"attachment wp-att-34242\"><img loading=\"lazy\" decoding=\"async\" class=\"alignright size-full wp-image-34242\" src=\"http:\/\/www.syenlap.dk\/wp-content\/uploads\/2018\/08\/220818-aja-quiltet-3.jpg\" alt=\"\" width=\"1052\" height=\"1285\" srcset=\"http:\/\/www.syenlap.dk\/wp-content\/uploads\/2018\/08\/220818-aja-quiltet-3.jpg 1052w, http:\/\/www.syenlap.dk\/wp-content\/uploads\/2018\/08\/220818-aja-quiltet-3-246x300.jpg 246w, http:\/\/www.syenlap.dk\/wp-content\/uploads\/2018\/08\/220818-aja-quiltet-3-768x938.jpg 768w, http:\/\/www.syenlap.dk\/wp-content\/uploads\/2018\/08\/220818-aja-quiltet-3-838x1024.jpg 838w\" sizes=\"auto, (max-width: 1052px) 100vw, 1052px\" \/><\/a>Det er flot quiltet! Alle 3 t\u00e6pper er syet af andre og afleveret til Projektet, og nu mangler Aja kun at sy lukkekant. Bagsidestof og mellemfor f\u00e5r man med, n\u00e5r man quilter t\u00e6pper, som andre har syet.<\/p>\n<p>Helle blev f\u00e6rdig med 2 babyt\u00e6pper:<\/p>\n<p><a href=\"http:\/\/www.syenlap.dk\/?attachment_id=34244\" rel=\"attachment wp-att-34244\"><img loading=\"lazy\" decoding=\"async\" class=\"alignright size-full wp-image-34244\" src=\"http:\/\/www.syenlap.dk\/wp-content\/uploads\/2018\/08\/220818-helle-babyt\u00e6ppe-2.jpg\" alt=\"\" width=\"600\" height=\"585\" srcset=\"http:\/\/www.syenlap.dk\/wp-content\/uploads\/2018\/08\/220818-helle-babyt\u00e6ppe-2.jpg 600w, http:\/\/www.syenlap.dk\/wp-content\/uploads\/2018\/08\/220818-helle-babyt\u00e6ppe-2-300x293.jpg 300w, http:\/\/www.syenlap.dk\/wp-content\/uploads\/2018\/08\/220818-helle-babyt\u00e6ppe-2-308x300.jpg 308w\" sizes=\"auto, (max-width: 600px) 100vw, 600px\" \/><\/a> <a href=\"http:\/\/www.syenlap.dk\/?attachment_id=34243\" rel=\"attachment wp-att-34243\"><img loading=\"lazy\" decoding=\"async\" class=\"alignright size-full wp-image-34243\" src=\"http:\/\/www.syenlap.dk\/wp-content\/uploads\/2018\/08\/220818-helle-babyt\u00e6ppe-1.jpg\" alt=\"\" width=\"600\" height=\"594\" srcset=\"http:\/\/www.syenlap.dk\/wp-content\/uploads\/2018\/08\/220818-helle-babyt\u00e6ppe-1.jpg 600w, http:\/\/www.syenlap.dk\/wp-content\/uploads\/2018\/08\/220818-helle-babyt\u00e6ppe-1-150x150.jpg 150w, http:\/\/www.syenlap.dk\/wp-content\/uploads\/2018\/08\/220818-helle-babyt\u00e6ppe-1-300x297.jpg 300w, http:\/\/www.syenlap.dk\/wp-content\/uploads\/2018\/08\/220818-helle-babyt\u00e6ppe-1-303x300.jpg 303w\" sizes=\"auto, (max-width: 600px) 100vw, 600px\" \/><\/a><\/p>\n<p><a href=\"http:\/\/www.syenlap.dk\/?attachment_id=34245\" rel=\"attachment wp-att-34245\"><img loading=\"lazy\" decoding=\"async\" class=\"alignright size-full wp-image-34245\" src=\"http:\/\/www.syenlap.dk\/wp-content\/uploads\/2018\/08\/220818-lailas-pyramide.jpg\" alt=\"\" width=\"600\" height=\"673\" srcset=\"http:\/\/www.syenlap.dk\/wp-content\/uploads\/2018\/08\/220818-lailas-pyramide.jpg 600w, http:\/\/www.syenlap.dk\/wp-content\/uploads\/2018\/08\/220818-lailas-pyramide-267x300.jpg 267w\" sizes=\"auto, (max-width: 600px) 100vw, 600px\" \/><\/a>Og Laila fik sin flotte Pyramide-tr\u00f8je f\u00e6rdig.<\/p>\n<p><a href=\"http:\/\/www.syenlap.dk\/?attachment_id=34246\" rel=\"attachment wp-att-34246\"><img loading=\"lazy\" decoding=\"async\" class=\"alignright size-full wp-image-34246\" src=\"http:\/\/www.syenlap.dk\/wp-content\/uploads\/2018\/08\/180822-anette-jakobsen-og-laila-br\u00f8gger.jpg\" alt=\"\" width=\"600\" height=\"1134\" srcset=\"http:\/\/www.syenlap.dk\/wp-content\/uploads\/2018\/08\/180822-anette-jakobsen-og-laila-br\u00f8gger.jpg 600w, http:\/\/www.syenlap.dk\/wp-content\/uploads\/2018\/08\/180822-anette-jakobsen-og-laila-br\u00f8gger-159x300.jpg 159w, http:\/\/www.syenlap.dk\/wp-content\/uploads\/2018\/08\/180822-anette-jakobsen-og-laila-br\u00f8gger-542x1024.jpg 542w\" sizes=\"auto, (max-width: 600px) 100vw, 600px\" \/><\/a>Det utroligt flotte t\u00e6ppe er syet af Anette i St\u00f8vring og det er ogs\u00e5 til Projekt Puttet\u00e6pper, men det er s\u00e5 lang, at jeg besluttet, at det skal v\u00e6re et senget\u00e6ppe til en seng p\u00e5 Fjordmark. Laila quiltede det forleden, og nu har jeg syet lukkekanten p\u00e5.<\/p>\n<p>Da vi fotograferede det i dag, m\u00e5tte vi have en lille trappe frem, som Lis stod p\u00e5, mens jeg fotograferede!<\/p>\n<p>Der var mange andre ting i gang samtidig, b\u00e5de p\u00e5 symaskinerne og ved de store sk\u00e6reborde.<\/p>\n<p>Og s\u00e5 fik vi Othellolagkager til eftermiddagskaffen for at fejre Annas f\u00f8dselsdag i sommerferien!<\/p>\n","protected":false},"excerpt":{"rendered":"<p>Det er godt, vi har f\u00e5et mere plads p\u00e5 Tekstilv\u00e6rkstedet, for nu, hvor sommerferierne er ved at v\u00e6re ovre, er vi s\u00e5 mange som aldrig f\u00f8r! I dag quiltede Aja hele 3 puttet\u00e6pper for Projekt Puttet\u00e6pper. Det er flot quiltet! &hellip; <a href=\"http:\/\/www.syenlap.dk\/?p=34238\">L\u00e6s resten <span class=\"meta-nav\">&rarr;<\/span><\/a><\/p>\n","protected":false},"author":2,"featured_media":0,"comment_status":"open","ping_status":"open","sticky":false,"template":"","format":"standard","meta":{"footnotes":""},"categories":[68,15],"tags":[],"class_list":["post-34238","post","type-post","status-publish","format-standard","hentry","category-de-sma-glaeder","category-patchwork"],"_links":{"self":[{"href":"http:\/\/www.syenlap.dk\/index.php?rest_route=\/wp\/v2\/posts\/34238","targetHints":{"allow":["GET"]}}],"collection":[{"href":"http:\/\/www.syenlap.dk\/index.php?rest_route=\/wp\/v2\/posts"}],"about":[{"href":"http:\/\/www.syenlap.dk\/index.php?rest_route=\/wp\/v2\/types\/post"}],"author":[{"embeddable":true,"href":"http:\/\/www.syenlap.dk\/index.php?rest_route=\/wp\/v2\/users\/2"}],"replies":[{"embeddable":true,"href":"http:\/\/www.syenlap.dk\/index.php?rest_route=%2Fwp%2Fv2%2Fcomments&post=34238"}],"version-history":[{"count":2,"href":"http:\/\/www.syenlap.dk\/index.php?rest_route=\/wp\/v2\/posts\/34238\/revisions"}],"predecessor-version":[{"id":34248,"href":"http:\/\/www.syenlap.dk\/index.php?rest_route=\/wp\/v2\/posts\/34238\/revisions\/34248"}],"wp:attachment":[{"href":"http:\/\/www.syenlap.dk\/index.php?rest_route=%2Fwp%2Fv2%2Fmedia&parent=34238"}],"wp:term":[{"taxonomy":"category","embeddable":true,"href":"http:\/\/www.syenlap.dk\/index.php?rest_route=%2Fwp%2Fv2%2Fcategories&post=34238"},{"taxonomy":"post_tag","embeddable":true,"href":"http:\/\/www.syenlap.dk\/index.php?rest_route=%2Fwp%2Fv2%2Ftags&post=34238"}],"curies":[{"name":"wp","href":"https:\/\/api.w.org\/{rel}","templated":true}]}}