{"id":34654,"date":"2018-11-07T22:49:31","date_gmt":"2018-11-07T20:49:31","guid":{"rendered":"http:\/\/www.syenlap.dk\/?p=34654"},"modified":"2018-11-07T22:52:05","modified_gmt":"2018-11-07T20:52:05","slug":"den-travleste-dag-i-tekstilvaerkstedet-jeg-har-oplevet","status":"publish","type":"post","link":"http:\/\/www.syenlap.dk\/?p=34654","title":{"rendered":"Den travleste dag i Tekstilv\u00e6rkstedet, jeg har oplevet"},"content":{"rendered":"<p><a href=\"http:\/\/www.syenlap.dk\/?attachment_id=34658\" rel=\"attachment wp-att-34658\"><img loading=\"lazy\" decoding=\"async\" class=\"alignright size-full wp-image-34658\" src=\"http:\/\/www.syenlap.dk\/wp-content\/uploads\/2018\/11\/071118-depot-tekstil.jpg\" alt=\"\" width=\"600\" height=\"415\" srcset=\"http:\/\/www.syenlap.dk\/wp-content\/uploads\/2018\/11\/071118-depot-tekstil.jpg 600w, http:\/\/www.syenlap.dk\/wp-content\/uploads\/2018\/11\/071118-depot-tekstil-300x208.jpg 300w, http:\/\/www.syenlap.dk\/wp-content\/uploads\/2018\/11\/071118-depot-tekstil-434x300.jpg 434w\" sizes=\"auto, (max-width: 600px) 100vw, 600px\" \/><\/a><\/p>\n<p>Det var s\u00e5dan en summen og s\u00e5dan en travlhed hele formiddagen, at jeg n\u00e6rmest var lettet over, at jeg havde planlagt at sy p\u00e5 maskine! Omkring bordet, hvor der strikkes ellers sys i h\u00e5nden, var der slet ikke plads!<\/p>\n<p><a href=\"http:\/\/www.syenlap.dk\/?attachment_id=34655\" rel=\"attachment wp-att-34655\"><img loading=\"lazy\" decoding=\"async\" class=\"alignright size-full wp-image-34655\" src=\"http:\/\/www.syenlap.dk\/wp-content\/uploads\/2018\/11\/071118-depot-solveig-quilter.jpg\" alt=\"\" width=\"600\" height=\"940\" srcset=\"http:\/\/www.syenlap.dk\/wp-content\/uploads\/2018\/11\/071118-depot-solveig-quilter.jpg 600w, http:\/\/www.syenlap.dk\/wp-content\/uploads\/2018\/11\/071118-depot-solveig-quilter-191x300.jpg 191w\" sizes=\"auto, (max-width: 600px) 100vw, 600px\" \/><\/a><\/p>\n<p>Og ved den store long-arm-quiltemaskine var der ikke bare \u00e9n, men 3! Der var en begynder, der kastede sig ud i at quilte et stort, dobbelt senget\u00e6ppe, det var forberedt, og b\u00e5de Ruth og Laila var klar til at hj\u00e6lpe.<\/p>\n<p><a href=\"http:\/\/www.syenlap.dk\/?attachment_id=34657\" rel=\"attachment wp-att-34657\"><img loading=\"lazy\" decoding=\"async\" class=\"alignright size-full wp-image-34657\" src=\"http:\/\/www.syenlap.dk\/wp-content\/uploads\/2018\/11\/071118-depot-solveigs-senget\u00e6ppe.jpg\" alt=\"\" width=\"800\" height=\"1009\" srcset=\"http:\/\/www.syenlap.dk\/wp-content\/uploads\/2018\/11\/071118-depot-solveigs-senget\u00e6ppe.jpg 800w, http:\/\/www.syenlap.dk\/wp-content\/uploads\/2018\/11\/071118-depot-solveigs-senget\u00e6ppe-238x300.jpg 238w, http:\/\/www.syenlap.dk\/wp-content\/uploads\/2018\/11\/071118-depot-solveigs-senget\u00e6ppe-768x969.jpg 768w\" sizes=\"auto, (max-width: 800px) 100vw, 800px\" \/><\/a><\/p>\n<p>Det gik helt utroligt godt, hun havde virkelig taget p\u00e5 det og kunne hurtigt lave nogle flotte m\u00f8nstre &#8211; imponerende! Det se bedst p\u00e5 bagsiden af t\u00e6ppet:<\/p>\n<p><a href=\"http:\/\/www.syenlap.dk\/?attachment_id=34656\" rel=\"attachment wp-att-34656\"><img loading=\"lazy\" decoding=\"async\" class=\"alignright size-full wp-image-34656\" src=\"http:\/\/www.syenlap.dk\/wp-content\/uploads\/2018\/11\/071118-depot-solveigs-senget\u00e6ppe-quiltning-bag.jpg\" alt=\"\" width=\"800\" height=\"480\" srcset=\"http:\/\/www.syenlap.dk\/wp-content\/uploads\/2018\/11\/071118-depot-solveigs-senget\u00e6ppe-quiltning-bag.jpg 800w, http:\/\/www.syenlap.dk\/wp-content\/uploads\/2018\/11\/071118-depot-solveigs-senget\u00e6ppe-quiltning-bag-300x180.jpg 300w, http:\/\/www.syenlap.dk\/wp-content\/uploads\/2018\/11\/071118-depot-solveigs-senget\u00e6ppe-quiltning-bag-768x461.jpg 768w, http:\/\/www.syenlap.dk\/wp-content\/uploads\/2018\/11\/071118-depot-solveigs-senget\u00e6ppe-quiltning-bag-500x300.jpg 500w\" sizes=\"auto, (max-width: 800px) 100vw, 800px\" \/><\/a><\/p>\n<p>Vi var 3, der syede p\u00e5 symaskinerne, og i de tilst\u00f8dende (nye) rum, hvor der er store h\u00e6ve\/s\u00e6nke-borde, sk\u00e6replader, linealer og rullesk\u00e6rere, var der ogs\u00e5 nogle besk\u00e6ftigede. Det er fantastisk dejligt, at vi har f\u00e5et s\u00e5 meget mere plads, og vi udnytter det til fulde.<\/p>\n<p>Laila blev f\u00e6rdig i dag med et v\u00e6gt\u00e6ppe med meget sm\u00e5 &#8220;Diamonds&#8221; syet som paper-piecing. Mens hun syede de sm\u00e5 blokke, m\u00e5tte vi andre ikke smide noget ud, n\u00e5r vi skar vores stof til &#8211; alle sm\u00e5 stumper kunne Laila bruge! Det er sjovt at se dem igen i t\u00e6ppet!<\/p>\n<p><a href=\"http:\/\/www.syenlap.dk\/?attachment_id=34659\" rel=\"attachment wp-att-34659\"><img loading=\"lazy\" decoding=\"async\" class=\"alignright size-full wp-image-34659\" src=\"http:\/\/www.syenlap.dk\/wp-content\/uploads\/2018\/11\/laila-br\u00f8gger-v\u00e6gt\u00e6ppe-til-salg-h\u00f8j.jpg\" alt=\"\" width=\"2248\" height=\"2177\" srcset=\"http:\/\/www.syenlap.dk\/wp-content\/uploads\/2018\/11\/laila-br\u00f8gger-v\u00e6gt\u00e6ppe-til-salg-h\u00f8j.jpg 2248w, http:\/\/www.syenlap.dk\/wp-content\/uploads\/2018\/11\/laila-br\u00f8gger-v\u00e6gt\u00e6ppe-til-salg-h\u00f8j-300x291.jpg 300w, http:\/\/www.syenlap.dk\/wp-content\/uploads\/2018\/11\/laila-br\u00f8gger-v\u00e6gt\u00e6ppe-til-salg-h\u00f8j-768x744.jpg 768w, http:\/\/www.syenlap.dk\/wp-content\/uploads\/2018\/11\/laila-br\u00f8gger-v\u00e6gt\u00e6ppe-til-salg-h\u00f8j-1024x992.jpg 1024w, http:\/\/www.syenlap.dk\/wp-content\/uploads\/2018\/11\/laila-br\u00f8gger-v\u00e6gt\u00e6ppe-til-salg-h\u00f8j-310x300.jpg 310w\" sizes=\"auto, (max-width: 2248px) 100vw, 2248px\" \/><\/a>Det er syet til et helt bestyemt form\u00e5l: Det m\u00e5 blive solgt p\u00e5 auktion i forbindelse med en velg\u00f8rehedsmiddag p\u00e5 Restaurant Bind i Kollund til juni. Auktionen og hele middagen er til fordel for Julem\u00e6rkehjemmet Fjordmark, og der plejer at komme rigtig p\u00e6ne bel\u00f8b ind for de t\u00e6pper, vi i Projekt Puttet\u00e6pper lader dem s\u00e6lge. Det er ikke de puttet\u00e6pper, som vi syr til b\u00f8rnene, men st\u00f8rre eller mindre t\u00e6pper, alle syet til netop dette form\u00e5l. Det bliver sp\u00e6ndende, hvor meget dette vil indbringe, det m\u00e5ler 95 x 95 cm.<\/p>\n<p>Der er god tid til den begivenhed, og i mellemtiden vil det blive udstillet p\u00e5 Plejecenteret N\u00f8rrevang i Horsens i januar og februar 2019 sammen med mange puttet\u00e6pper.<\/p>\n","protected":false},"excerpt":{"rendered":"<p>Det var s\u00e5dan en summen og s\u00e5dan en travlhed hele formiddagen, at jeg n\u00e6rmest var lettet over, at jeg havde planlagt at sy p\u00e5 maskine! Omkring bordet, hvor der strikkes ellers sys i h\u00e5nden, var der slet ikke plads! Og &hellip; <a href=\"http:\/\/www.syenlap.dk\/?p=34654\">L\u00e6s resten <span class=\"meta-nav\">&rarr;<\/span><\/a><\/p>\n","protected":false},"author":2,"featured_media":0,"comment_status":"open","ping_status":"open","sticky":false,"template":"","format":"standard","meta":{"footnotes":""},"categories":[68,15,69],"tags":[],"class_list":["post-34654","post","type-post","status-publish","format-standard","hentry","category-de-sma-glaeder","category-patchwork","category-puttetaepper-til-born-pa-julemaerkehjem"],"_links":{"self":[{"href":"http:\/\/www.syenlap.dk\/index.php?rest_route=\/wp\/v2\/posts\/34654","targetHints":{"allow":["GET"]}}],"collection":[{"href":"http:\/\/www.syenlap.dk\/index.php?rest_route=\/wp\/v2\/posts"}],"about":[{"href":"http:\/\/www.syenlap.dk\/index.php?rest_route=\/wp\/v2\/types\/post"}],"author":[{"embeddable":true,"href":"http:\/\/www.syenlap.dk\/index.php?rest_route=\/wp\/v2\/users\/2"}],"replies":[{"embeddable":true,"href":"http:\/\/www.syenlap.dk\/index.php?rest_route=%2Fwp%2Fv2%2Fcomments&post=34654"}],"version-history":[{"count":3,"href":"http:\/\/www.syenlap.dk\/index.php?rest_route=\/wp\/v2\/posts\/34654\/revisions"}],"predecessor-version":[{"id":34662,"href":"http:\/\/www.syenlap.dk\/index.php?rest_route=\/wp\/v2\/posts\/34654\/revisions\/34662"}],"wp:attachment":[{"href":"http:\/\/www.syenlap.dk\/index.php?rest_route=%2Fwp%2Fv2%2Fmedia&parent=34654"}],"wp:term":[{"taxonomy":"category","embeddable":true,"href":"http:\/\/www.syenlap.dk\/index.php?rest_route=%2Fwp%2Fv2%2Fcategories&post=34654"},{"taxonomy":"post_tag","embeddable":true,"href":"http:\/\/www.syenlap.dk\/index.php?rest_route=%2Fwp%2Fv2%2Ftags&post=34654"}],"curies":[{"name":"wp","href":"https:\/\/api.w.org\/{rel}","templated":true}]}}