{"id":34908,"date":"2018-12-10T21:29:22","date_gmt":"2018-12-10T19:29:22","guid":{"rendered":"http:\/\/www.syenlap.dk\/?p=34908"},"modified":"2018-12-10T21:29:22","modified_gmt":"2018-12-10T19:29:22","slug":"en-ting-hver-dag","status":"publish","type":"post","link":"http:\/\/www.syenlap.dk\/?p=34908","title":{"rendered":"\u00c9n ting hver dag!"},"content":{"rendered":"<p>Det passer mig fint, at det kun er \u00e9n ting &#8211; udover det s\u00e6dvanlige &#8211; jeg skal hver dag. Men det er s\u00e5 ogs\u00e5 1 ting hver dag, der er ingen &#8220;fridage&#8221; !<\/p>\n<p>I dag er jeg blevet klippet, og jeg er fint tilfreds med min &#8220;nye&#8221; fris\u00f8r, som jeg overraskende fik for ca. 6 uger siden, da jeg sidst blev klippet og havde bestilt tid hos &#8220;Mette&#8221; &#8211; der viste sig at v\u00e6re en anden Mette, end jeg er blevet klippet af i 5 \u00e5r! Jeg vidste ikke, at hun var stoppet (af forst\u00e5elige grunde for at hj\u00e6lpe en syg veninde).<\/p>\n<p>Jeg er altid skeptisk, n\u00e5r jeg skifter fris\u00f8r eller andre faste ting, men den nye Mette g\u00f8r det rigtig godt, n\u00e5r hun klipper mit tynde pjusk! Vi snakkede i\u00f8vrigt om, hvorfor det er blevet s\u00e5 tyndt, og om der er noget at g\u00f8re ved det. Min lilles\u00f8ster har skrevet til mig (ude fra Laos, hvor hun bor), at jeg skal f\u00e5 unders\u00f8gt, om det kan v\u00e6re symptom p\u00e5 underproduktion fra skjoldbruskkirtlen, som hun har f\u00e5et konstateret. Det kan ses p\u00e5 en blodpr\u00f8ve, s\u00e5 det skal jeg have min l\u00e6ge til at kontrollere.<br \/>\nMin s\u00f8ster og jeg skriver flittigt sammen, det er dejligt, n\u00e5r vi ser hinanden sj\u00e6ldent, og vi dr\u00f8fter af og til helbredssp\u00f8rgsm\u00e5l, for vi har nogle af de samme autoimmune lidelser, f.eks. Vitiligo = mangel p\u00e5 pigment, som er arveligt, og som vi begge har haft i mange \u00e5r, hvor det langsomt har bredt sig &#8211; uden i\u00f8vrigt at give andre gener end kosmetiske, og s\u00e5 at man skal passe meget p\u00e5 i solen!<\/p>\n<p>Jeg skal have unders\u00f8gt, hvorn\u00e5r man kan tilmelde sig ny l\u00e6ge, n\u00e5r grunden er, at ens nuv\u00e6rende l\u00e6ge s\u00e6lger praksis for at flytte. Bliver man automatisk overflyttet til den\/de l\u00e6ge(r), der har k\u00f8bt praksis, eller f\u00e5r man lov at v\u00e6lge? Der er netop nu flere nye praksis startet op i Sundhedshuset (det gamle sygehus), og rygterne siger, at det er nogle af dem, der har k\u00f8bt den praksis, der nu er den eneste i Errits\u00f8, s\u00e5 under alle omst\u00e6ndigheder har vi fremover ingen l\u00e6ge her, men m\u00e5 ind til byen. Og s\u00e5 vil jeg faktisk helst selv v\u00e6lge!<\/p>\n<p>Og s\u00e5 skriver jeg p\u00e5 det \u00e5rlige Julebrev til alle t\u00e6ppetanterne, en skik, jeg har overtaget efter den oprindelige starter af Projekt Puttet\u00e6pper, det er meget hyggeligt, og der sker jo hvert \u00e5r nye ting i vores dejlige projekt. S\u00e5 det skal jeg ogs\u00e5 arbejde lidt med b\u00e5de i dag og i morgen.<\/p>\n","protected":false},"excerpt":{"rendered":"<p>Det passer mig fint, at det kun er \u00e9n ting &#8211; udover det s\u00e6dvanlige &#8211; jeg skal hver dag. Men det er s\u00e5 ogs\u00e5 1 ting hver dag, der er ingen &#8220;fridage&#8221; ! I dag er jeg blevet klippet, og &hellip; <a href=\"http:\/\/www.syenlap.dk\/?p=34908\">L\u00e6s resten <span class=\"meta-nav\">&rarr;<\/span><\/a><\/p>\n","protected":false},"author":2,"featured_media":0,"comment_status":"open","ping_status":"open","sticky":false,"template":"","format":"standard","meta":{"footnotes":""},"categories":[68,5],"tags":[],"class_list":["post-34908","post","type-post","status-publish","format-standard","hentry","category-de-sma-glaeder","category-familien"],"_links":{"self":[{"href":"http:\/\/www.syenlap.dk\/index.php?rest_route=\/wp\/v2\/posts\/34908","targetHints":{"allow":["GET"]}}],"collection":[{"href":"http:\/\/www.syenlap.dk\/index.php?rest_route=\/wp\/v2\/posts"}],"about":[{"href":"http:\/\/www.syenlap.dk\/index.php?rest_route=\/wp\/v2\/types\/post"}],"author":[{"embeddable":true,"href":"http:\/\/www.syenlap.dk\/index.php?rest_route=\/wp\/v2\/users\/2"}],"replies":[{"embeddable":true,"href":"http:\/\/www.syenlap.dk\/index.php?rest_route=%2Fwp%2Fv2%2Fcomments&post=34908"}],"version-history":[{"count":1,"href":"http:\/\/www.syenlap.dk\/index.php?rest_route=\/wp\/v2\/posts\/34908\/revisions"}],"predecessor-version":[{"id":34909,"href":"http:\/\/www.syenlap.dk\/index.php?rest_route=\/wp\/v2\/posts\/34908\/revisions\/34909"}],"wp:attachment":[{"href":"http:\/\/www.syenlap.dk\/index.php?rest_route=%2Fwp%2Fv2%2Fmedia&parent=34908"}],"wp:term":[{"taxonomy":"category","embeddable":true,"href":"http:\/\/www.syenlap.dk\/index.php?rest_route=%2Fwp%2Fv2%2Fcategories&post=34908"},{"taxonomy":"post_tag","embeddable":true,"href":"http:\/\/www.syenlap.dk\/index.php?rest_route=%2Fwp%2Fv2%2Ftags&post=34908"}],"curies":[{"name":"wp","href":"https:\/\/api.w.org\/{rel}","templated":true}]}}