{"id":34955,"date":"2018-12-25T13:58:20","date_gmt":"2018-12-25T11:58:20","guid":{"rendered":"http:\/\/www.syenlap.dk\/?p=34955"},"modified":"2018-12-25T14:05:28","modified_gmt":"2018-12-25T12:05:28","slug":"hvid-jul-med-familien","status":"publish","type":"post","link":"http:\/\/www.syenlap.dk\/?p=34955","title":{"rendered":"Hvid jul med familien"},"content":{"rendered":"<p>Jeg k\u00f8rte til Sj\u00e6lland lillejuleaftens dag i silende regnvejr, men rimelig trafik. Bilen var h\u00e5rdt pakket med julegaver fra hele den jyske familie + en glad lille Diki, der sov bag hundegitteret bagest i bilen. Jeg h\u00f8rte ikke en lyd fra ham p\u00e5 turen!<\/p>\n<p>Jeg havde hundetravlt med at k\u00f8be og pakke julegaver de sidste dage, men jeg blev f\u00e6rdig! Ogs\u00e5 med de hjemmelavede.<\/p>\n<p>Jeg var d\u00e5rligt kommet til Br\u00f8ndby, f\u00f8r det begyndte at sne! Og i l\u00f8bet af aftenen blev det ogs\u00e5 frostvejr, s\u00e5 det var godt, jeg havde pakket vinterst\u00f8vlerne i bilen.<\/p>\n<p>Vi har haft en meget hyggelig Juleaftens dag og Juleaften, hvor Victors Morfar og Bedste ogs\u00e5 var med til at spise risengr\u00f8d og den meget l\u00e6kre andesteg (der var stegt 2, men kun 1 blev spist). I denne familie best\u00e5r mandelgaven af en pose med en masse gaver, som vinderen deler ud mellem alle ved bordet! V\u00e6rten &#8211; min yngste s\u00f8n &#8211; vandt og delte ud, og der var gaver efter alles smag: jeg var s\u00e5 heldig at f\u00e5 3 fine h\u00e6klede karklude.<\/p>\n<p>Det meget smukke juletr\u00e6 var pyntet af svigerdatteren, og det er altid hyggeligt at gense bl.a. gamle ting fra mit eget juletr\u00e6spynt, som mine b\u00f8rn har f\u00e5et, samt ting, jeg har lavet til dem.<\/p>\n<p><a href=\"http:\/\/www.syenlap.dk\/?attachment_id=34958\" rel=\"attachment wp-att-34958\"><img loading=\"lazy\" decoding=\"async\" class=\"alignright size-full wp-image-34958\" src=\"http:\/\/www.syenlap.dk\/wp-content\/uploads\/2018\/12\/241218-juleaften-2.jpg\" alt=\"\" width=\"600\" height=\"919\" srcset=\"http:\/\/www.syenlap.dk\/wp-content\/uploads\/2018\/12\/241218-juleaften-2.jpg 600w, http:\/\/www.syenlap.dk\/wp-content\/uploads\/2018\/12\/241218-juleaften-2-196x300.jpg 196w\" sizes=\"auto, (max-width: 600px) 100vw, 600px\" \/><\/a><\/p>\n<p>Traditionen tro dansede vi om tr\u00e6et og sang en sang, valgt af hver af os &#8211; og Diki dansede med!<\/p>\n<p><a href=\"http:\/\/www.syenlap.dk\/?attachment_id=34957\" rel=\"attachment wp-att-34957\"><img loading=\"lazy\" decoding=\"async\" class=\"alignright size-full wp-image-34957\" src=\"http:\/\/www.syenlap.dk\/wp-content\/uploads\/2018\/12\/241218-juleaften-1.jpg\" alt=\"\" width=\"600\" height=\"1068\" srcset=\"http:\/\/www.syenlap.dk\/wp-content\/uploads\/2018\/12\/241218-juleaften-1.jpg 600w, http:\/\/www.syenlap.dk\/wp-content\/uploads\/2018\/12\/241218-juleaften-1-169x300.jpg 169w, http:\/\/www.syenlap.dk\/wp-content\/uploads\/2018\/12\/241218-juleaften-1-575x1024.jpg 575w\" sizes=\"auto, (max-width: 600px) 100vw, 600px\" \/><\/a><\/p>\n<p>Han er s\u00e5 nysgerrig og s\u00f8d og opf\u00f8rer sig up\u00e5klageligt, bare jeg er &#8220;ved h\u00e5nden&#8221;, for han skal ikke risikere, at jeg forsvinder! Hans seng er med og st\u00e5r ved siden af min i g\u00e6stev\u00e6relset, og han har f\u00e5et lov til at ligge i sofaen ved siden af mig! Haven er indhegnet, s\u00e5 ud over de ture, jeg g\u00e5r med ham, kan han komme ud, n\u00e5r han vil, ligesom hjemme.<\/p>\n<p>Der var mange, mange pakker, og naturligt nok flest til yngste deltageren, som fik masser af b\u00e5de LEGO og dejligt t\u00f8j!<\/p>\n<p>Den sidste pakke (efter aftale med hans Far og Mor) var denne &#8211; helt uventede, som det ses:<\/p>\n<p><a href=\"http:\/\/www.syenlap.dk\/?attachment_id=34960\" rel=\"attachment wp-att-34960\"><img loading=\"lazy\" decoding=\"async\" class=\"alignright size-full wp-image-34960\" src=\"http:\/\/www.syenlap.dk\/wp-content\/uploads\/2018\/12\/241218-juleaften-4.jpg\" alt=\"\" width=\"600\" height=\"547\" srcset=\"http:\/\/www.syenlap.dk\/wp-content\/uploads\/2018\/12\/241218-juleaften-4.jpg 600w, http:\/\/www.syenlap.dk\/wp-content\/uploads\/2018\/12\/241218-juleaften-4-300x274.jpg 300w, http:\/\/www.syenlap.dk\/wp-content\/uploads\/2018\/12\/241218-juleaften-4-329x300.jpg 329w\" sizes=\"auto, (max-width: 600px) 100vw, 600px\" \/><\/a>Farmors gamle PC.<\/p>\n<p><a href=\"http:\/\/www.syenlap.dk\/?attachment_id=34959\" rel=\"attachment wp-att-34959\"><img loading=\"lazy\" decoding=\"async\" class=\"alignright size-full wp-image-34959\" src=\"http:\/\/www.syenlap.dk\/wp-content\/uploads\/2018\/12\/241218-juleaften-3.jpg\" alt=\"\" width=\"600\" height=\"490\" srcset=\"http:\/\/www.syenlap.dk\/wp-content\/uploads\/2018\/12\/241218-juleaften-3.jpg 600w, http:\/\/www.syenlap.dk\/wp-content\/uploads\/2018\/12\/241218-juleaften-3-300x245.jpg 300w, http:\/\/www.syenlap.dk\/wp-content\/uploads\/2018\/12\/241218-juleaften-3-367x300.jpg 367w\" sizes=\"auto, (max-width: 600px) 100vw, 600px\" \/><\/a>&#8220;En rigtig computer!&#8221;<br \/>\nFar&#8217;en bruger Juledag p\u00e5 at t\u00f8mme den helt og s\u00e6tte en supplerende, ny harddisk i, s\u00e5 den bliver noget hurtigere. (For mig var den uudholdelig langsom, ikke mindst til billedbehandling).<\/p>\n<p>Det gjorde lykke!<\/p>\n<p>&nbsp;<\/p>\n","protected":false},"excerpt":{"rendered":"<p>Jeg k\u00f8rte til Sj\u00e6lland lillejuleaftens dag i silende regnvejr, men rimelig trafik. Bilen var h\u00e5rdt pakket med julegaver fra hele den jyske familie + en glad lille Diki, der sov bag hundegitteret bagest i bilen. Jeg h\u00f8rte ikke en lyd &hellip; <a href=\"http:\/\/www.syenlap.dk\/?p=34955\">L\u00e6s resten <span class=\"meta-nav\">&rarr;<\/span><\/a><\/p>\n","protected":false},"author":2,"featured_media":0,"comment_status":"open","ping_status":"open","sticky":false,"template":"","format":"standard","meta":{"footnotes":""},"categories":[5,1,12],"tags":[],"class_list":["post-34955","post","type-post","status-publish","format-standard","hentry","category-familien","category-ikke-kategoriseret","category-oplevelser"],"_links":{"self":[{"href":"http:\/\/www.syenlap.dk\/index.php?rest_route=\/wp\/v2\/posts\/34955","targetHints":{"allow":["GET"]}}],"collection":[{"href":"http:\/\/www.syenlap.dk\/index.php?rest_route=\/wp\/v2\/posts"}],"about":[{"href":"http:\/\/www.syenlap.dk\/index.php?rest_route=\/wp\/v2\/types\/post"}],"author":[{"embeddable":true,"href":"http:\/\/www.syenlap.dk\/index.php?rest_route=\/wp\/v2\/users\/2"}],"replies":[{"embeddable":true,"href":"http:\/\/www.syenlap.dk\/index.php?rest_route=%2Fwp%2Fv2%2Fcomments&post=34955"}],"version-history":[{"count":6,"href":"http:\/\/www.syenlap.dk\/index.php?rest_route=\/wp\/v2\/posts\/34955\/revisions"}],"predecessor-version":[{"id":34965,"href":"http:\/\/www.syenlap.dk\/index.php?rest_route=\/wp\/v2\/posts\/34955\/revisions\/34965"}],"wp:attachment":[{"href":"http:\/\/www.syenlap.dk\/index.php?rest_route=%2Fwp%2Fv2%2Fmedia&parent=34955"}],"wp:term":[{"taxonomy":"category","embeddable":true,"href":"http:\/\/www.syenlap.dk\/index.php?rest_route=%2Fwp%2Fv2%2Fcategories&post=34955"},{"taxonomy":"post_tag","embeddable":true,"href":"http:\/\/www.syenlap.dk\/index.php?rest_route=%2Fwp%2Fv2%2Ftags&post=34955"}],"curies":[{"name":"wp","href":"https:\/\/api.w.org\/{rel}","templated":true}]}}