{"id":3566,"date":"2009-07-21T18:54:05","date_gmt":"2009-07-21T16:54:05","guid":{"rendered":"http:\/\/www.syenlap.dk\/?p=3566"},"modified":"2009-07-21T18:54:05","modified_gmt":"2009-07-21T16:54:05","slug":"ah-r%c3%b8g-i-n%c3%a6sen","status":"publish","type":"post","link":"http:\/\/www.syenlap.dk\/?p=3566","title":{"rendered":"Ah &#8211; r\u00f8g i n\u00e6sen"},"content":{"rendered":"<p>S\u00e5 kom jeg alligevel p\u00e5 Bl\u00e5 Sommer &#8211; omend kun p\u00e5 en 1-dags visit! Men det var p\u00e5 en dejlig solskinsdag, og foruden det aftalte m\u00f8de med min mange\u00e5rige skotske spejderven m\u00f8dte jeg ogs\u00e5 mange andre gamle venner, s\u00e5 jeg var tr\u00e6t, men n\u00e6rmest &#8220;h\u00f8j&#8221;, da jeg k\u00f8rte hjem efter en dejlig dag, som S\u00f8ren opfordede mig til.<\/p>\n<p><img loading=\"lazy\" decoding=\"async\" class=\"aligncenter size-full wp-image-3567\" title=\"bs-telte\" src=\"http:\/\/www.syenlap.dk\/wp-content\/uploads\/2009\/07\/bs-telte.jpg\" alt=\"bs-telte\" width=\"500\" height=\"351\" \/><\/p>\n<p>Jeg har v\u00e6ret der s\u00e5 mange gange, p\u00e5 alle Bl\u00e5 Sommerlejre, som de har heddet \u00a0siden 1985, men ogs\u00e5 f\u00f8r da, helt tilbage til min f\u00f8rste korpslejr i 1951! Og selvf\u00f8lgelig ligner de hinanden, men der er ogs\u00e5 forskelle og udvikling.<\/p>\n<p><img loading=\"lazy\" decoding=\"async\" class=\"aligncenter size-full wp-image-3568\" title=\"bs-lejrgade\" src=\"http:\/\/www.syenlap.dk\/wp-content\/uploads\/2009\/07\/bs-lejrgade.jpg\" alt=\"bs-lejrgade\" width=\"500\" height=\"372\" \/><\/p>\n<p>De brede lejrgader<\/p>\n<p><img loading=\"lazy\" decoding=\"async\" class=\"aligncenter size-full wp-image-3569\" title=\"bs-flag\" src=\"http:\/\/www.syenlap.dk\/wp-content\/uploads\/2009\/07\/bs-flag.jpg\" alt=\"bs-flag\" width=\"500\" height=\"538\" \/><\/p>\n<p>&#8211; de mange nationers flag og bygningsv\u00e6rkerne<\/p>\n<p><img loading=\"lazy\" decoding=\"async\" class=\"aligncenter size-full wp-image-3570\" title=\"bs-brc3a6dstrup\" src=\"http:\/\/www.syenlap.dk\/wp-content\/uploads\/2009\/07\/bs-brc3a6dstrup.jpg\" alt=\"bs-brc3a6dstrup\" width=\"500\" height=\"480\" \/><\/p>\n<p>&#8211; familierne med p\u00e5 lejr &#8211; her min egen gamle gruppe, som er noget mindre end dengang!<\/p>\n<p><img loading=\"lazy\" decoding=\"async\" class=\"aligncenter size-full wp-image-3571\" title=\"bs-spisetelt\" src=\"http:\/\/www.syenlap.dk\/wp-content\/uploads\/2009\/07\/bs-spisetelt.jpg\" alt=\"bs-spisetelt\" width=\"500\" height=\"375\" \/><\/p>\n<p>&#8211; den meget ordentlige gruppelejrplads med overd\u00e6kket spiseplads af rafter<\/p>\n<p><img loading=\"lazy\" decoding=\"async\" class=\"aligncenter size-full wp-image-3572\" title=\"bs-hospital\" src=\"http:\/\/www.syenlap.dk\/wp-content\/uploads\/2009\/07\/bs-hospital.jpg\" alt=\"bs-hospital\" width=\"500\" height=\"333\" \/><\/p>\n<p>&#8211; hospitalet<\/p>\n<p><img loading=\"lazy\" decoding=\"async\" class=\"aligncenter size-full wp-image-3573\" title=\"bs-brandstation\" src=\"http:\/\/www.syenlap.dk\/wp-content\/uploads\/2009\/07\/bs-brandstation.jpg\" alt=\"bs-brandstation\" width=\"500\" height=\"533\" \/><\/p>\n<p>&#8211; brandstationen<\/p>\n<p><img loading=\"lazy\" decoding=\"async\" class=\"aligncenter size-full wp-image-3574\" title=\"bs-toiletter\" src=\"http:\/\/www.syenlap.dk\/wp-content\/uploads\/2009\/07\/bs-toiletter.jpg\" alt=\"bs-toiletter\" width=\"500\" height=\"475\" \/><\/p>\n<p>&#8211; de moderne festivaltoiletter, som er en klar forbedring fra spandelokummerne inde bag primitive afsk\u00e6rminger, som vi havde for bare f\u00e5 \u00e5r siden<\/p>\n<p><img loading=\"lazy\" decoding=\"async\" class=\"aligncenter size-full wp-image-3575\" title=\"bs-vartegn\" src=\"http:\/\/www.syenlap.dk\/wp-content\/uploads\/2009\/07\/bs-vartegn.jpg\" alt=\"bs-vartegn\" width=\"500\" height=\"667\" \/><\/p>\n<p>&#8211; det imponerende vartegn, som udtrykker lejrens tema om klimaforbedringer<\/p>\n<p><img loading=\"lazy\" decoding=\"async\" class=\"aligncenter size-full wp-image-3576\" title=\"bs-vindkraft\" src=\"http:\/\/www.syenlap.dk\/wp-content\/uploads\/2009\/07\/bs-vindkraft.jpg\" alt=\"bs-vindkraft\" width=\"500\" height=\"553\" \/><\/p>\n<p>&#8211; forskellige flotte installationer, som denne vindm\u00f8lle<\/p>\n<p><img loading=\"lazy\" decoding=\"async\" class=\"aligncenter size-full wp-image-3577\" title=\"bs-hamish\" src=\"http:\/\/www.syenlap.dk\/wp-content\/uploads\/2009\/07\/bs-hamish.jpg\" alt=\"bs-hamish\" width=\"500\" height=\"675\" \/><\/p>\n<p>&#8211; og et dejligt gensyn med skotske Hamish, som travede lejren tynd sammen med mig, mens vi genopfriskede minder fra vores bekendtskab siden 1988 og snakkede om vore familier, vore spejdere osv.\u00a0 Hvor er jeg glad for, at S\u00f8ren fik mig til at bes\u00f8ge lejren og ham! Ogs\u00e5 selv om jeg er s\u00e5 \u00f8m i ben og f\u00f8dder nu, at jeg havde sv\u00e6rt ved at g\u00e5 tur\u00a0med vores dygtige hund, som havde passet p\u00e5 S\u00f8ren hele dagen og ikke var blevet luftet. Og s\u00e5 er jeg glad for, at hjemmeplejen ville afl\u00e6gge S\u00f8ren et par ekstra bes\u00f8g!<\/p>\n<p><img loading=\"lazy\" decoding=\"async\" class=\"aligncenter size-full wp-image-3578\" title=\"bs-vartegn2\" src=\"http:\/\/www.syenlap.dk\/wp-content\/uploads\/2009\/07\/bs-vartegn2.jpg\" alt=\"bs-vartegn2\" width=\"500\" height=\"330\" \/><\/p>\n","protected":false},"excerpt":{"rendered":"<p>S\u00e5 kom jeg alligevel p\u00e5 Bl\u00e5 Sommer &#8211; omend kun p\u00e5 en 1-dags visit! Men det var p\u00e5 en dejlig solskinsdag, og foruden det aftalte m\u00f8de med min mange\u00e5rige skotske spejderven m\u00f8dte jeg ogs\u00e5 mange andre gamle venner, s\u00e5 jeg &hellip; <a href=\"http:\/\/www.syenlap.dk\/?p=3566\">L\u00e6s resten <span class=\"meta-nav\">&rarr;<\/span><\/a><\/p>\n","protected":false},"author":2,"featured_media":0,"comment_status":"open","ping_status":"open","sticky":false,"template":"","format":"standard","meta":{"footnotes":""},"categories":[7,12,18],"tags":[],"class_list":["post-3566","post","type-post","status-publish","format-standard","hentry","category-glder-og-sorger","category-oplevelser","category-vores-samfund"],"_links":{"self":[{"href":"http:\/\/www.syenlap.dk\/index.php?rest_route=\/wp\/v2\/posts\/3566","targetHints":{"allow":["GET"]}}],"collection":[{"href":"http:\/\/www.syenlap.dk\/index.php?rest_route=\/wp\/v2\/posts"}],"about":[{"href":"http:\/\/www.syenlap.dk\/index.php?rest_route=\/wp\/v2\/types\/post"}],"author":[{"embeddable":true,"href":"http:\/\/www.syenlap.dk\/index.php?rest_route=\/wp\/v2\/users\/2"}],"replies":[{"embeddable":true,"href":"http:\/\/www.syenlap.dk\/index.php?rest_route=%2Fwp%2Fv2%2Fcomments&post=3566"}],"version-history":[{"count":0,"href":"http:\/\/www.syenlap.dk\/index.php?rest_route=\/wp\/v2\/posts\/3566\/revisions"}],"wp:attachment":[{"href":"http:\/\/www.syenlap.dk\/index.php?rest_route=%2Fwp%2Fv2%2Fmedia&parent=3566"}],"wp:term":[{"taxonomy":"category","embeddable":true,"href":"http:\/\/www.syenlap.dk\/index.php?rest_route=%2Fwp%2Fv2%2Fcategories&post=3566"},{"taxonomy":"post_tag","embeddable":true,"href":"http:\/\/www.syenlap.dk\/index.php?rest_route=%2Fwp%2Fv2%2Ftags&post=3566"}],"curies":[{"name":"wp","href":"https:\/\/api.w.org\/{rel}","templated":true}]}}