{"id":3581,"date":"2009-07-22T22:27:32","date_gmt":"2009-07-22T20:27:32","guid":{"rendered":"http:\/\/www.syenlap.dk\/?p=3581"},"modified":"2009-07-22T22:27:32","modified_gmt":"2009-07-22T20:27:32","slug":"udfordringer-ansvar-og-oplevelser","status":"publish","type":"post","link":"http:\/\/www.syenlap.dk\/?p=3581","title":{"rendered":"Udfordringer, ansvar og oplevelser"},"content":{"rendered":"<p><img loading=\"lazy\" decoding=\"async\" class=\"aligncenter size-full wp-image-3584\" title=\"bs-sc3b8en\" src=\"http:\/\/www.syenlap.dk\/wp-content\/uploads\/2009\/07\/bs-sc3b8en.jpg\" alt=\"bs-sc3b8en\" width=\"500\" height=\"346\" \/><\/p>\n<p>Da jeg bes\u00f8gte Bl\u00e5 Sommer i g\u00e5r, kom der en masse minder op i mig. Selvf\u00f8lgelig pga telte, b\u00e5l, flag osv, men ogs\u00e5 fordi jeg m\u00f8dte mange dejlige mennesker, som jeg har oplevet forskellige ting sammen med i mit lange spejderliv.<\/p>\n<p>Jeg blev spejder, da jeg var knap 9 \u00e5r, &#8220;bl\u00e5mejse&#8221;, og dengang var man pigespejder eller drengespejder. Min f\u00f8rste uniform fik jeg af min mormor, og det var bem\u00e6rkelsesv\u00e6rdigt, for hun havde aldrig givet min mor lov til at v\u00e6re spejder! Hun fork\u00e6lede mig &#8211; hendes f\u00f8rste barnebarn!<\/p>\n<p>Vi l\u00e6rte mange praktiske og gode ting som bl\u00e5mejser og senere &#8220;storspejdere&#8221;, og jeg elskede lejrene og de oplevelse, vi havde. Det var f\u00f8rst som storspejdere, at vi m\u00e5tte ligge i telt, f\u00f8r det var det i hytte.<\/p>\n<p>Jeg blev patruljeleder, dvs at jeg tilrettelagde og ledede de ugentlige m\u00f8der for 6-8 lidt yngre pigespejdere, det er absolut et ansvar for en 15-16 \u00e5rig. Men allerede som 19-\u00e5rig skiftede jeg korps og blev jeg ansvarlige leder for en flok ulveunger, alts\u00e5 drenge fra 8-12 \u00e5r, det var virkelig et ansvar, og der var 30 af dem i min flok! Det var virkelig den st\u00f8rste bet\u00e6nkelighed, jeg havde, da jeg opfyldte en dr\u00f8m og tog job i Gr\u00f8nland: kunne jeg undv\u00e6re mine ulveunger?<\/p>\n<p>Jeg var ogs\u00e5 spejderleder nogle af \u00e5rene i Gr\u00f8nland, og da vi bosatte os i Aalborg og mine egne b\u00f8rn skulle v\u00e6re spejdere, trak det i mig, og jeg var med til at starte en ny afdeling op for drenge. Det samme gjorde jeg, da vi flyttede hertil, for vi kunne ikke undv\u00e6re at v\u00e6re spejdere.<\/p>\n<p>Jeg har b\u00e5de v\u00e6ret leder for b\u00f8rn og haft organisatoriske poster. Men det har f\u00f8rst og fremmest v\u00e6ret b\u00f8rnearbejdet, jeg har v\u00e6ret glad for. Det er simpelthen dejligt at kunne give b\u00f8rn nogle gode oplevelser, b\u00e5de i det daglige spejderarbejde, i naturen, weekendturene og lejrene. Jeg har mange oplevelser, som handler f.eks. om b\u00f8rn, der blev mobbet andre steder, men som blev accepteret som spejdere, drenge, der kunne komme med p\u00e5 lejr, selv om de var v\u00e5dliggere, b\u00f8rn, der l\u00e6rte at klare sig selv p\u00e5 trods af, at for\u00e6ldrene ikke troede, de kunne! B\u00f8rn, der aldrig havde f\u00e5et lov at v\u00e6re beskidte, men som var konstant sorte af at sidde ved et b\u00e5l, s\u00e5 snart, de s\u00e5 deres snit! Og at l\u00e6re dem at tage ansvar &#8211; m\u00e5ske det allersv\u00e6reste. Men ogs\u00e5 det, der virkelig giver nogle varige v\u00e6rdier.<\/p>\n<p>Noget helt s\u00e6rligt har v\u00e6ret de internationale oplevelser, som det er lykkedes mig at f\u00e5 sammen med b\u00f8rnene. Der har v\u00e6ret rejser til Skotland, til Polen, hvor vi har ligget i lejr sammen med andre spejdere &#8211; der har v\u00e6ret &#8220;home hospitality&#8221; b\u00e5de i andre lande og her, alts\u00e5 v\u00e6rtsskaber, hvor man bor hos hinanden. Jeg har sammen med 4 af mine 14-16 \u00e5rige spejdere v\u00e6ret i Moskva, hvor vi l\u00e6rte unge russere, hvad spejderi g\u00e5r ud p\u00e5, b\u00e5de i teori og i praksis. P\u00e5 Bl\u00e5 Sommer 1994 havde vores gruppe 25 polske spejdere og 12 russiske med som vore g\u00e6ster, b\u00e5de p\u00e5 lejr og med hjemme efter lejren &#8211; og vi betalte det hele for dem med midler, vi havde skaffet.<\/p>\n<p><img loading=\"lazy\" decoding=\"async\" class=\"alignleft size-full wp-image-3583\" title=\"bs-hamish2-2\" src=\"http:\/\/www.syenlap.dk\/wp-content\/uploads\/2009\/07\/bs-hamish2-2.jpg\" alt=\"bs-hamish2-2\" width=\"300\" height=\"445\" \/>P\u00e5 samme Bl\u00e5 Sommer bes\u00f8gte Hamish vores lejr og boede hos i 2 dage for at se, hvordan danske spejdere kan f\u00e5 s\u00e5 stor en lejr til at fungere.<\/p>\n<p>Hamish havde et par \u00e5r f\u00f8r hjulpet os og n\u00e6rmest tilrettelagt alt i forbindelse med, at vi var 44 spejdere i Skotland, og han ville gerne have haft sine spejdere med p\u00e5 Bl\u00e5 Sommer, men det lykkedes desv\u00e6rre ikke. Det gjorde det f\u00f8rst i \u00e5r, hvor han stod i spidsen for, at 417 skotske spejdere deltog i Bl\u00e5 Sommer 2009. Bedre sent end aldrig!<\/p>\n<p>Da han bes\u00f8gte lejren i 1994, knyttede han ogs\u00e5 kontakt med vore polske og russiske venner, og han arrangerede senere flere ting sammen med dem, bl.a. gensidige bes\u00f8g.<\/p>\n<p>Jeg tror p\u00e5, at vi ikke bare giver b\u00f8rnene nogle oplevelser, men ogs\u00e5 noget varigt igennem spejderarbejdet. Giver dem nogle v\u00e6rkt\u00f8jer til at klare sig, til at knytte venskaber, til at respektere andre, ogs\u00e5 de, der er anderledes end os selv, og at tage ansvar for b\u00e5de sig selv og det samfund, de er en del af.<\/p>\n<p>Store ord? ja, men n\u00e5r jeg p\u00e5 en Bl\u00e5 Sommer m\u00f8der nogle af dem, jeg kendte, da de var b\u00f8rn, og som nu selv som voksne har p\u00e5taget sig ansvaret for en lille eller stor flok b\u00f8rn, s\u00e5 bliver jeg glad og stolt!<\/p>\n<p>Jeg m\u00f8dte Bente, som var spejder sammen med min datter og som nu sammen med sin mand har en stor gruppe spejdere og p\u00e5 lejren var v\u00e6rter for 2 forskellige nationaliteter af spejdere, samtidig med at deres egne 3 b\u00f8rn deltager. Jeg m\u00f8dte Jesper, som var lidt af en &#8220;krudtugle&#8221;, da han som 11-\u00e5rig med sine for\u00e6ldre blev fulgt til sit f\u00f8rste spejderm\u00f8de hos mig, og for\u00e6ldrene blev der hele aftenen for at v\u00e6re sikre p\u00e5, at han kunne opf\u00f8re sig ordentligt! Han er nu leder af gruppen og har hele sin familie med i arbejdet.<\/p>\n<p>Og jeg m\u00f8dte ogs\u00e5 Mona, der fortalte Hamish og mig om sit fantastiske arbejde med at starte spejderarbejde i Hviderusland for danske u-landspenge!<\/p>\n<p>Der er stadig store v\u00e6rdier i spejderarbejdet i Danmark!<\/p>\n","protected":false},"excerpt":{"rendered":"<p>Da jeg bes\u00f8gte Bl\u00e5 Sommer i g\u00e5r, kom der en masse minder op i mig. Selvf\u00f8lgelig pga telte, b\u00e5l, flag osv, men ogs\u00e5 fordi jeg m\u00f8dte mange dejlige mennesker, som jeg har oplevet forskellige ting sammen med i mit lange &hellip; <a href=\"http:\/\/www.syenlap.dk\/?p=3581\">L\u00e6s resten <span class=\"meta-nav\">&rarr;<\/span><\/a><\/p>\n","protected":false},"author":2,"featured_media":0,"comment_status":"open","ping_status":"open","sticky":false,"template":"","format":"standard","meta":{"footnotes":""},"categories":[12,18],"tags":[],"class_list":["post-3581","post","type-post","status-publish","format-standard","hentry","category-oplevelser","category-vores-samfund"],"_links":{"self":[{"href":"http:\/\/www.syenlap.dk\/index.php?rest_route=\/wp\/v2\/posts\/3581","targetHints":{"allow":["GET"]}}],"collection":[{"href":"http:\/\/www.syenlap.dk\/index.php?rest_route=\/wp\/v2\/posts"}],"about":[{"href":"http:\/\/www.syenlap.dk\/index.php?rest_route=\/wp\/v2\/types\/post"}],"author":[{"embeddable":true,"href":"http:\/\/www.syenlap.dk\/index.php?rest_route=\/wp\/v2\/users\/2"}],"replies":[{"embeddable":true,"href":"http:\/\/www.syenlap.dk\/index.php?rest_route=%2Fwp%2Fv2%2Fcomments&post=3581"}],"version-history":[{"count":0,"href":"http:\/\/www.syenlap.dk\/index.php?rest_route=\/wp\/v2\/posts\/3581\/revisions"}],"wp:attachment":[{"href":"http:\/\/www.syenlap.dk\/index.php?rest_route=%2Fwp%2Fv2%2Fmedia&parent=3581"}],"wp:term":[{"taxonomy":"category","embeddable":true,"href":"http:\/\/www.syenlap.dk\/index.php?rest_route=%2Fwp%2Fv2%2Fcategories&post=3581"},{"taxonomy":"post_tag","embeddable":true,"href":"http:\/\/www.syenlap.dk\/index.php?rest_route=%2Fwp%2Fv2%2Ftags&post=3581"}],"curies":[{"name":"wp","href":"https:\/\/api.w.org\/{rel}","templated":true}]}}