{"id":3729,"date":"2009-08-10T12:52:46","date_gmt":"2009-08-10T10:52:46","guid":{"rendered":"http:\/\/www.syenlap.dk\/?p=3729"},"modified":"2009-08-10T12:52:46","modified_gmt":"2009-08-10T10:52:46","slug":"smuk-kunstudstilling-rundt-om-jorden","status":"publish","type":"post","link":"http:\/\/www.syenlap.dk\/?p=3729","title":{"rendered":"Smuk kunstudstilling &quot;Rundt om Jorden&quot;"},"content":{"rendered":"<p><img loading=\"lazy\" decoding=\"async\" class=\"aligncenter size-full wp-image-3730\" title=\"udstilling rundt om jorden\" src=\"http:\/\/www.syenlap.dk\/wp-content\/uploads\/2009\/08\/udstilling-rundt-om-jorden.jpg\" alt=\"udstilling rundt om jorden\" width=\"500\" height=\"698\" \/><\/p>\n<p>Det er en meget smuk udstilling, disse 6 kvinder har lavet p\u00e5 Tinghuset\u00a0i Br\u00e6dstrup! Jeg bes\u00f8gte den i g\u00e5r og kan varmt anbefale at bes\u00f8ge den i dag eller den kommende uge &#8211; til og med s\u00f8ndag 16. august.<\/p>\n<p>Jeg har f\u00e5et lov at vise nogle pr\u00f8ver p\u00e5 de forskellige ting, men det er klart, at billederne er kun pr\u00f8ver. Farver, form og st\u00f8rrelser kan jeg ikke gengive, og jeg kan ogs\u00e5 kun vise enkelte af de smukke ting.<\/p>\n<p>Der er b\u00e5de malerier, akvareller, tekstilbilleder og keramik, flere af kunstnerne udstiller flere sider af deres kunst.<\/p>\n<p><img loading=\"lazy\" decoding=\"async\" class=\"aligncenter size-full wp-image-3731\" title=\"annegrethe bj\u00f8rn\" src=\"http:\/\/www.syenlap.dk\/wp-content\/uploads\/2009\/08\/annegrethe-bj\u00f8rn.jpg\" alt=\"annegrethe bj\u00f8rn\" width=\"500\" height=\"408\" \/><\/p>\n<p><a href=\"http:\/\/www.ilegforalvor.dk\/\" target=\"_blank\">Anne-Grethe Kousgaard<\/a> udstiller b\u00e5de malerier med gr\u00f8nlandsk inspiration&#8230;<\/p>\n<p><img loading=\"lazy\" decoding=\"async\" class=\"aligncenter size-full wp-image-3732\" title=\"annegrethe fjelde\" src=\"http:\/\/www.syenlap.dk\/wp-content\/uploads\/2009\/08\/annegrethe-fjelde.jpg\" alt=\"annegrethe fjelde\" width=\"500\" height=\"509\" \/><\/p>\n<p><img loading=\"lazy\" decoding=\"async\" class=\"aligncenter size-full wp-image-3733\" title=\"annegrethe portr\u00e6tter\" src=\"http:\/\/www.syenlap.dk\/wp-content\/uploads\/2009\/08\/annegrethe-portr\u00e6tter.jpg\" alt=\"annegrethe portr\u00e6tter\" width=\"500\" height=\"175\" \/><\/p>\n<p><img loading=\"lazy\" decoding=\"async\" class=\"aligncenter size-full wp-image-3734\" title=\"annegrethe lerfigur\" src=\"http:\/\/www.syenlap.dk\/wp-content\/uploads\/2009\/08\/annegrethe-lerfigur.jpg\" alt=\"annegrethe lerfigur\" width=\"500\" height=\"541\" \/><\/p>\n<p>&#8230; og mediative lerfigurer, der kan nikke!<\/p>\n<p><img loading=\"lazy\" decoding=\"async\" class=\"aligncenter size-full wp-image-3735\" title=\"alice fugle\" src=\"http:\/\/www.syenlap.dk\/wp-content\/uploads\/2009\/08\/alice-fugle.jpg\" alt=\"alice fugle\" width=\"500\" height=\"670\" \/><\/p>\n<p><a href=\"http:\/\/www.af-tekstilbilleder.dk\/\" target=\"_blank\">Alice Frost<\/a> viser mange tekstilbilleder, jeg har set flere af Alice&#8217;s billeder f\u00f8r og er en stor beundrer, men her er ogs\u00e5 en ny stil:<\/p>\n<p><img loading=\"lazy\" decoding=\"async\" class=\"aligncenter size-full wp-image-3736\" title=\"alice store verden\" src=\"http:\/\/www.syenlap.dk\/wp-content\/uploads\/2009\/08\/alice-store-verden.jpg\" alt=\"alice store verden\" width=\"500\" height=\"211\" \/><\/p>\n<p>Alice Frost: &#8220;Du store verden&#8221;. Se flere\u00a0 billeder i morgen p\u00e5 <a href=\"http:\/\/www.kludekoner.dk\">www.kludekoner.dk<\/a><\/p>\n<p><img loading=\"lazy\" decoding=\"async\" class=\"aligncenter size-full wp-image-3740\" title=\"tove keramik\" src=\"http:\/\/www.syenlap.dk\/wp-content\/uploads\/2009\/08\/tove-keramik.jpg\" alt=\"tove keramik\" width=\"500\" height=\"347\" \/><\/p>\n<p>De smukke sk\u00e5le og krukker er lavet af Tove Hald Petersen.<\/p>\n<p><img loading=\"lazy\" decoding=\"async\" class=\"aligncenter size-full wp-image-3741\" title=\"inge maleri\" src=\"http:\/\/www.syenlap.dk\/wp-content\/uploads\/2009\/08\/inge-maleri.jpg\" alt=\"inge maleri\" width=\"500\" height=\"492\" \/><\/p>\n<p><a href=\"http:\/\/www.ingerdethlefsen.dk\/\" target=\"_blank\">Inger Dethlefsen<\/a> viser flotte malerier i st\u00e6rke farver.<\/p>\n<p><img loading=\"lazy\" decoding=\"async\" class=\"aligncenter size-full wp-image-3742\" title=\"inge maleri2\" src=\"http:\/\/www.syenlap.dk\/wp-content\/uploads\/2009\/08\/inge-maleri2.jpg\" alt=\"inge maleri2\" width=\"500\" height=\"656\" \/><\/p>\n<p><img loading=\"lazy\" decoding=\"async\" class=\"aligncenter size-full wp-image-3743\" title=\"inger bl\u00e5 mand\" src=\"http:\/\/www.syenlap.dk\/wp-content\/uploads\/2009\/08\/inger-bl\u00e5-mand.jpg\" alt=\"inger bl\u00e5 mand\" width=\"500\" height=\"678\" \/><\/p>\n<p><img loading=\"lazy\" decoding=\"async\" class=\"aligncenter size-full wp-image-3744\" title=\"inger bl\u00e5 dame\" src=\"http:\/\/www.syenlap.dk\/wp-content\/uploads\/2009\/08\/inger-bl\u00e5-dame.jpg\" alt=\"inger bl\u00e5 dame\" width=\"500\" height=\"680\" \/><\/p>\n<p>Tove Piraj\u00e1 Hansen viser meget smukke tekstilbilleder:<\/p>\n<p><img loading=\"lazy\" decoding=\"async\" class=\"aligncenter size-full wp-image-3745\" title=\"tove tekstilbilleder\" src=\"http:\/\/www.syenlap.dk\/wp-content\/uploads\/2009\/08\/tove-tekstilbilleder.jpg\" alt=\"tove tekstilbilleder\" width=\"500\" height=\"482\" \/><\/p>\n<p>Se flere detaljer <a href=\"http:\/\/www.kludekoner.dk\/forside.php?ssprog=dansk&amp;&amp;vispic=3574\" target=\"_blank\">her<\/a>.<\/p>\n<p>Dette tekstilbillede blev udvalgt til at deltage i den europ\u00e6iske censurerede udstilling &#8220;Wide Horizons&#8221; i Frankrig, september 2008:<\/p>\n<p><img loading=\"lazy\" decoding=\"async\" class=\"aligncenter size-full wp-image-3746\" title=\"tove tekstil\" src=\"http:\/\/www.syenlap.dk\/wp-content\/uploads\/2009\/08\/tove-tekstil.jpg\" alt=\"tove tekstil\" width=\"500\" height=\"401\" \/><\/p>\n<p>&#8220;New beginning: hope, light, life and will&#8221;.<\/p>\n<p><a href=\"http:\/\/www.susannahartmann.dk\/\" target=\"_blank\">Susanna Hartmann<\/a> viser b\u00e5de fine akvareller&#8230;<\/p>\n<p><img loading=\"lazy\" decoding=\"async\" class=\"aligncenter size-full wp-image-3747\" title=\"susanna akvareller\" src=\"http:\/\/www.syenlap.dk\/wp-content\/uploads\/2009\/08\/susanna-akvareller.jpg\" alt=\"susanna akvareller\" width=\"500\" height=\"851\" \/><\/p>\n<p><img loading=\"lazy\" decoding=\"async\" class=\"aligncenter size-full wp-image-3748\" title=\"susanne akvareller\" src=\"http:\/\/www.syenlap.dk\/wp-content\/uploads\/2009\/08\/susanne-akvareller.jpg\" alt=\"susanne akvareller\" width=\"500\" height=\"837\" \/><\/p>\n<p>&#8230; og sp\u00e6ndende, farvestr\u00e5lende malerier<\/p>\n<p><img loading=\"lazy\" decoding=\"async\" class=\"aligncenter size-full wp-image-3749\" title=\"susanne maleri\" src=\"http:\/\/www.syenlap.dk\/wp-content\/uploads\/2009\/08\/susanne-maleri.jpg\" alt=\"susanne maleri\" width=\"491\" height=\"353\" \/><\/p>\n<p>Bes\u00f8g udstillingen, den er en dejlig oplevelse!<\/p>\n","protected":false},"excerpt":{"rendered":"<p>Det er en meget smuk udstilling, disse 6 kvinder har lavet p\u00e5 Tinghuset\u00a0i Br\u00e6dstrup! Jeg bes\u00f8gte den i g\u00e5r og kan varmt anbefale at bes\u00f8ge den i dag eller den kommende uge &#8211; til og med s\u00f8ndag 16. august. Jeg &hellip; <a href=\"http:\/\/www.syenlap.dk\/?p=3729\">L\u00e6s resten <span class=\"meta-nav\">&rarr;<\/span><\/a><\/p>\n","protected":false},"author":2,"featured_media":0,"comment_status":"open","ping_status":"open","sticky":false,"template":"","format":"standard","meta":{"footnotes":""},"categories":[12,18],"tags":[],"class_list":["post-3729","post","type-post","status-publish","format-standard","hentry","category-oplevelser","category-vores-samfund"],"_links":{"self":[{"href":"http:\/\/www.syenlap.dk\/index.php?rest_route=\/wp\/v2\/posts\/3729","targetHints":{"allow":["GET"]}}],"collection":[{"href":"http:\/\/www.syenlap.dk\/index.php?rest_route=\/wp\/v2\/posts"}],"about":[{"href":"http:\/\/www.syenlap.dk\/index.php?rest_route=\/wp\/v2\/types\/post"}],"author":[{"embeddable":true,"href":"http:\/\/www.syenlap.dk\/index.php?rest_route=\/wp\/v2\/users\/2"}],"replies":[{"embeddable":true,"href":"http:\/\/www.syenlap.dk\/index.php?rest_route=%2Fwp%2Fv2%2Fcomments&post=3729"}],"version-history":[{"count":0,"href":"http:\/\/www.syenlap.dk\/index.php?rest_route=\/wp\/v2\/posts\/3729\/revisions"}],"wp:attachment":[{"href":"http:\/\/www.syenlap.dk\/index.php?rest_route=%2Fwp%2Fv2%2Fmedia&parent=3729"}],"wp:term":[{"taxonomy":"category","embeddable":true,"href":"http:\/\/www.syenlap.dk\/index.php?rest_route=%2Fwp%2Fv2%2Fcategories&post=3729"},{"taxonomy":"post_tag","embeddable":true,"href":"http:\/\/www.syenlap.dk\/index.php?rest_route=%2Fwp%2Fv2%2Ftags&post=3729"}],"curies":[{"name":"wp","href":"https:\/\/api.w.org\/{rel}","templated":true}]}}