{"id":3807,"date":"2009-08-19T12:01:19","date_gmt":"2009-08-19T10:01:19","guid":{"rendered":"http:\/\/www.syenlap.dk\/?p=3807"},"modified":"2009-08-19T12:01:19","modified_gmt":"2009-08-19T10:01:19","slug":"show-and-tell-2","status":"publish","type":"post","link":"http:\/\/www.syenlap.dk\/?p=3807","title":{"rendered":"Show and Tell"},"content":{"rendered":"<p>S\u00e6sonens f\u00f8rste syaften i Vitus Bering Quilterne i Horsens havde stort fremm\u00f8de, og der var b\u00e5de mange nye medlemmer og mange &#8220;gamle&#8221; medlemmer, der fulgte opfordringen til &#8220;Show and Tell&#8221;, alts\u00e5 &#8220;vis frem og fort\u00e6l, hvad du har syet&#8221;.<\/p>\n<p style=\"text-align: center;\"><img loading=\"lazy\" decoding=\"async\" class=\"size-full wp-image-3808 aligncenter\" title=\"taske\" src=\"http:\/\/www.syenlap.dk\/wp-content\/uploads\/2009\/08\/taske.jpg\" alt=\"taske\" width=\"500\" height=\"418\" \/><\/p>\n<p>Der var flotte tasker..<\/p>\n<p><img loading=\"lazy\" decoding=\"async\" class=\"aligncenter size-full wp-image-3809\" title=\"sytaske\" src=\"http:\/\/www.syenlap.dk\/wp-content\/uploads\/2009\/08\/sytaske.jpg\" alt=\"sytaske\" width=\"500\" height=\"405\" \/><\/p>\n<p>&#8230;store sytasker<\/p>\n<p><img loading=\"lazy\" decoding=\"async\" class=\"aligncenter size-full wp-image-3810\" title=\"sytaske indeni\" src=\"http:\/\/www.syenlap.dk\/wp-content\/uploads\/2009\/08\/sytaske-indeni.jpg\" alt=\"sytaske indeni\" width=\"500\" height=\"552\" \/><\/p>\n<p>&#8230; med lommer til alt grejet<\/p>\n<p><img loading=\"lazy\" decoding=\"async\" class=\"aligncenter size-full wp-image-3811\" title=\"batiksampler\" src=\"http:\/\/www.syenlap.dk\/wp-content\/uploads\/2009\/08\/batiksampler.jpg\" alt=\"batiksampler\" width=\"500\" height=\"629\" \/><\/p>\n<p>Der var flere meget flotte t\u00e6pper, f.eks. denne batik-sampler<\/p>\n<p>Og s\u00e5 &#8220;var Bente lige kommet til&#8221; samme dag at sy nogle af de <a href=\"http:\/\/www.syenlap.dk\/?p=3754\" target=\"_blank\">mange firkanter<\/a>, hun fik forleden tiul brug for Projekt Puttet\u00e6pper, sammen til denne top<\/p>\n<p><img loading=\"lazy\" decoding=\"async\" class=\"aligncenter size-full wp-image-3812\" title=\"sneglet\u00e6ppe top\" src=\"http:\/\/www.syenlap.dk\/wp-content\/uploads\/2009\/08\/sneglet\u00e6ppe-top.jpg\" alt=\"sneglet\u00e6ppe top\" width=\"500\" height=\"618\" \/><\/p>\n<p>.. med snegle broderet p\u00e5 hendes broderi-symaskine<\/p>\n<p><img loading=\"lazy\" decoding=\"async\" class=\"alignright size-full wp-image-3813\" title=\"sneglet\u00e6ppe top detail\" src=\"http:\/\/www.syenlap.dk\/wp-content\/uploads\/2009\/08\/sneglet\u00e6ppe-top-detail.jpg\" alt=\"sneglet\u00e6ppe top detail\" width=\"300\" height=\"269\" \/><\/p>\n<p>\u00a0<\/p>\n<p>med forskellig farve garn<\/p>\n<p>\u00a0<\/p>\n<p><img loading=\"lazy\" decoding=\"async\" class=\"alignleft size-full wp-image-3815\" title=\"sneglet\u00e6ppe top detail 2\" src=\"http:\/\/www.syenlap.dk\/wp-content\/uploads\/2009\/08\/sneglet\u00e6ppe-top-detail-21.jpg\" alt=\"sneglet\u00e6ppe top detail 2\" width=\"300\" height=\"318\" \/><\/p>\n<p>\u00a0<\/p>\n<p>\u00a0<\/p>\n<p>\u00a0<\/p>\n<p>T\u00e6ppet bliver f\u00e6rdigt inden Tr\u00e6ffet i Roskilde, hvor det kan ses p\u00e5 puttet\u00e6ppe-boden!<\/p>\n","protected":false},"excerpt":{"rendered":"<p>S\u00e6sonens f\u00f8rste syaften i Vitus Bering Quilterne i Horsens havde stort fremm\u00f8de, og der var b\u00e5de mange nye medlemmer og mange &#8220;gamle&#8221; medlemmer, der fulgte opfordringen til &#8220;Show and Tell&#8221;, alts\u00e5 &#8220;vis frem og fort\u00e6l, hvad du har syet&#8221;. Der &hellip; <a href=\"http:\/\/www.syenlap.dk\/?p=3807\">L\u00e6s resten <span class=\"meta-nav\">&rarr;<\/span><\/a><\/p>\n","protected":false},"author":2,"featured_media":0,"comment_status":"open","ping_status":"open","sticky":false,"template":"","format":"standard","meta":{"footnotes":""},"categories":[15],"tags":[51,63],"class_list":["post-3807","post","type-post","status-publish","format-standard","hentry","category-patchwork","tag-projekt-puttetpper","tag-vitus-bering-quilterne"],"_links":{"self":[{"href":"http:\/\/www.syenlap.dk\/index.php?rest_route=\/wp\/v2\/posts\/3807","targetHints":{"allow":["GET"]}}],"collection":[{"href":"http:\/\/www.syenlap.dk\/index.php?rest_route=\/wp\/v2\/posts"}],"about":[{"href":"http:\/\/www.syenlap.dk\/index.php?rest_route=\/wp\/v2\/types\/post"}],"author":[{"embeddable":true,"href":"http:\/\/www.syenlap.dk\/index.php?rest_route=\/wp\/v2\/users\/2"}],"replies":[{"embeddable":true,"href":"http:\/\/www.syenlap.dk\/index.php?rest_route=%2Fwp%2Fv2%2Fcomments&post=3807"}],"version-history":[{"count":0,"href":"http:\/\/www.syenlap.dk\/index.php?rest_route=\/wp\/v2\/posts\/3807\/revisions"}],"wp:attachment":[{"href":"http:\/\/www.syenlap.dk\/index.php?rest_route=%2Fwp%2Fv2%2Fmedia&parent=3807"}],"wp:term":[{"taxonomy":"category","embeddable":true,"href":"http:\/\/www.syenlap.dk\/index.php?rest_route=%2Fwp%2Fv2%2Fcategories&post=3807"},{"taxonomy":"post_tag","embeddable":true,"href":"http:\/\/www.syenlap.dk\/index.php?rest_route=%2Fwp%2Fv2%2Ftags&post=3807"}],"curies":[{"name":"wp","href":"https:\/\/api.w.org\/{rel}","templated":true}]}}