{"id":4047,"date":"2009-09-16T21:24:32","date_gmt":"2009-09-16T19:24:32","guid":{"rendered":"http:\/\/www.syenlap.dk\/?p=4047"},"modified":"2009-09-16T21:24:32","modified_gmt":"2009-09-16T19:24:32","slug":"lige-ved-og-n%c3%a6sten","status":"publish","type":"post","link":"http:\/\/www.syenlap.dk\/?p=4047","title":{"rendered":"Lige ved og n\u00e6sten.."},"content":{"rendered":"<p><img loading=\"lazy\" decoding=\"async\" class=\"aligncenter size-full wp-image-4048\" title=\"vest\" src=\"http:\/\/www.syenlap.dk\/wp-content\/uploads\/2009\/09\/vest1.jpg\" alt=\"vest\" width=\"500\" height=\"530\" \/><\/p>\n<p>Det er lige det rette tidspunkt at blive f\u00e6rdig med denne vest i vendestrik, nu hvor det bliver k\u00f8ligere. S\u00e5 jeg har strikket meget flittigt de sidste aftner! Og S\u00c5: der mangler lige ganske f\u00e5 meter af bundfarven til at strikke den yderste halskant. Det er nok fordi, jeg har strikket den lidt l\u00e6ngere end m\u00f8nsteret.<\/p>\n<p>Men s\u00e5 kom jeg i tanker om, at Inger, som er mor til <a href=\"http:\/\/www.lenep-katrinelund.dk\/home.php\" target=\"_blank\">Lene<\/a>, der har lavet opskriften, har strikket den i lyse sommerfarver, hvor hun sluttede af med en kant i kontrastfarven i halsen. S\u00e5 det pr\u00f8ver jeg ogs\u00e5 lige, s\u00e5 m\u00e5 vi se, om det dur. Den ser ellers ud til at passe fint, og den er bare s\u00e5 dejlig at have p\u00e5.<\/p>\n","protected":false},"excerpt":{"rendered":"<p>Det er lige det rette tidspunkt at blive f\u00e6rdig med denne vest i vendestrik, nu hvor det bliver k\u00f8ligere. S\u00e5 jeg har strikket meget flittigt de sidste aftner! Og S\u00c5: der mangler lige ganske f\u00e5 meter af bundfarven til at &hellip; <a href=\"http:\/\/www.syenlap.dk\/?p=4047\">L\u00e6s resten <span class=\"meta-nav\">&rarr;<\/span><\/a><\/p>\n","protected":false},"author":2,"featured_media":0,"comment_status":"open","ping_status":"open","sticky":false,"template":"","format":"standard","meta":{"footnotes":""},"categories":[16],"tags":[62],"class_list":["post-4047","post","type-post","status-publish","format-standard","hentry","category-strik","tag-vendestrik"],"_links":{"self":[{"href":"http:\/\/www.syenlap.dk\/index.php?rest_route=\/wp\/v2\/posts\/4047","targetHints":{"allow":["GET"]}}],"collection":[{"href":"http:\/\/www.syenlap.dk\/index.php?rest_route=\/wp\/v2\/posts"}],"about":[{"href":"http:\/\/www.syenlap.dk\/index.php?rest_route=\/wp\/v2\/types\/post"}],"author":[{"embeddable":true,"href":"http:\/\/www.syenlap.dk\/index.php?rest_route=\/wp\/v2\/users\/2"}],"replies":[{"embeddable":true,"href":"http:\/\/www.syenlap.dk\/index.php?rest_route=%2Fwp%2Fv2%2Fcomments&post=4047"}],"version-history":[{"count":0,"href":"http:\/\/www.syenlap.dk\/index.php?rest_route=\/wp\/v2\/posts\/4047\/revisions"}],"wp:attachment":[{"href":"http:\/\/www.syenlap.dk\/index.php?rest_route=%2Fwp%2Fv2%2Fmedia&parent=4047"}],"wp:term":[{"taxonomy":"category","embeddable":true,"href":"http:\/\/www.syenlap.dk\/index.php?rest_route=%2Fwp%2Fv2%2Fcategories&post=4047"},{"taxonomy":"post_tag","embeddable":true,"href":"http:\/\/www.syenlap.dk\/index.php?rest_route=%2Fwp%2Fv2%2Ftags&post=4047"}],"curies":[{"name":"wp","href":"https:\/\/api.w.org\/{rel}","templated":true}]}}