{"id":4052,"date":"2009-09-17T18:30:10","date_gmt":"2009-09-17T16:30:10","guid":{"rendered":"http:\/\/www.syenlap.dk\/?p=4052"},"modified":"2009-09-17T18:30:10","modified_gmt":"2009-09-17T16:30:10","slug":"det-skal-fejres","status":"publish","type":"post","link":"http:\/\/www.syenlap.dk\/?p=4052","title":{"rendered":"Det skal fejres!"},"content":{"rendered":"<p>Bes\u00f8get p\u00e5 Horsens sygehus i dag bekr\u00e6ftede de gode resultater, vi havde h\u00f8rt lidt om. &#8220;Tallene&#8221; fra blodpr\u00f8verne er rigtige, de er meget fine, og det er, som jeg havde g\u00e6ttet, de &#8220;nye&#8221; piller, som S\u00f8ren har f\u00e5et siden juni, der virker efter hensigten &#8211; stadig i kombination med den behandling, han har f\u00e5et nu i et \u00e5r. S\u00e5 hum\u00f8ret er h\u00f8jt, og det vil blive fejret i weekenden!<\/p>\n<p>Samtidig kunne vi aflevere en del af de hj\u00e6lpemidler, S\u00f8ren fik med hjem efter hofteoperationen, og k\u00f8restolen bliver hentet p\u00e5 mandag af den kommunale hj\u00e6lpemiddelcentral &#8211; den har han aldrig v\u00e6ret s\u00e5 glad for, men den var jo nyttig lige efter operationen, hvor der ingen kr\u00e6fter var i benene efter det lange sygeleje. Vi g\u00e5r ikke drastisk til v\u00e6rks, klodserne til at h\u00e6ve sofaen med, badeb\u00e6nken\u00a0og plejesengen beholder vi!<\/p>\n<p>Og nu er helvedesilden ogs\u00e5 g\u00e5et i dvale igen, s\u00e5 det hj\u00e6lper altsammen. Der er da noget at fejre &#8211; og vi kender nogen, der gl\u00e6der sig til hj\u00e6lpe os med det!<\/p>\n","protected":false},"excerpt":{"rendered":"<p>Bes\u00f8get p\u00e5 Horsens sygehus i dag bekr\u00e6ftede de gode resultater, vi havde h\u00f8rt lidt om. &#8220;Tallene&#8221; fra blodpr\u00f8verne er rigtige, de er meget fine, og det er, som jeg havde g\u00e6ttet, de &#8220;nye&#8221; piller, som S\u00f8ren har f\u00e5et siden juni, &hellip; <a href=\"http:\/\/www.syenlap.dk\/?p=4052\">L\u00e6s resten <span class=\"meta-nav\">&rarr;<\/span><\/a><\/p>\n","protected":false},"author":2,"featured_media":0,"comment_status":"open","ping_status":"open","sticky":false,"template":"","format":"standard","meta":{"footnotes":""},"categories":[5,7],"tags":[],"class_list":["post-4052","post","type-post","status-publish","format-standard","hentry","category-familien","category-glder-og-sorger"],"_links":{"self":[{"href":"http:\/\/www.syenlap.dk\/index.php?rest_route=\/wp\/v2\/posts\/4052","targetHints":{"allow":["GET"]}}],"collection":[{"href":"http:\/\/www.syenlap.dk\/index.php?rest_route=\/wp\/v2\/posts"}],"about":[{"href":"http:\/\/www.syenlap.dk\/index.php?rest_route=\/wp\/v2\/types\/post"}],"author":[{"embeddable":true,"href":"http:\/\/www.syenlap.dk\/index.php?rest_route=\/wp\/v2\/users\/2"}],"replies":[{"embeddable":true,"href":"http:\/\/www.syenlap.dk\/index.php?rest_route=%2Fwp%2Fv2%2Fcomments&post=4052"}],"version-history":[{"count":0,"href":"http:\/\/www.syenlap.dk\/index.php?rest_route=\/wp\/v2\/posts\/4052\/revisions"}],"wp:attachment":[{"href":"http:\/\/www.syenlap.dk\/index.php?rest_route=%2Fwp%2Fv2%2Fmedia&parent=4052"}],"wp:term":[{"taxonomy":"category","embeddable":true,"href":"http:\/\/www.syenlap.dk\/index.php?rest_route=%2Fwp%2Fv2%2Fcategories&post=4052"},{"taxonomy":"post_tag","embeddable":true,"href":"http:\/\/www.syenlap.dk\/index.php?rest_route=%2Fwp%2Fv2%2Ftags&post=4052"}],"curies":[{"name":"wp","href":"https:\/\/api.w.org\/{rel}","templated":true}]}}