{"id":40667,"date":"2025-04-13T15:40:59","date_gmt":"2025-04-13T13:40:59","guid":{"rendered":"http:\/\/www.syenlap.dk\/?p=40667"},"modified":"2025-04-13T15:40:59","modified_gmt":"2025-04-13T13:40:59","slug":"2-aar-med-aramis","status":"publish","type":"post","link":"http:\/\/www.syenlap.dk\/?p=40667","title":{"rendered":"2 \u00e5r med Aramis!"},"content":{"rendered":"\n<figure class=\"wp-block-image size-full\"><a href=\"http:\/\/www.syenlap.dk\/wp-content\/uploads\/2025\/04\/120425-aramis.jpg\" rel=\"lightbox[40667]\"><img loading=\"lazy\" decoding=\"async\" width=\"600\" height=\"775\" src=\"http:\/\/www.syenlap.dk\/wp-content\/uploads\/2025\/04\/120425-aramis.jpg\" alt=\"\" class=\"wp-image-40669\" srcset=\"http:\/\/www.syenlap.dk\/wp-content\/uploads\/2025\/04\/120425-aramis.jpg 600w, http:\/\/www.syenlap.dk\/wp-content\/uploads\/2025\/04\/120425-aramis-232x300.jpg 232w\" sizes=\"auto, (max-width: 600px) 100vw, 600px\" \/><\/a><\/figure>\n\n\n\n<p>I disse dage er det 2 \u00e5r siden, at \u00e6ldstes\u00f8nnen og jeg k\u00f8rte 600 km (og 3 broer) til Blidberg i Sverige for at hente den flotte Tibetanske Terrier, der skulle udfylde mit savn, efter at Diki d\u00f8de 1 m\u00e5ned f\u00f8r! Jeg troede jo, at han var min sidste hund &#8211; min fremskredne alder taget i betragtning &#8211; men jeg kunne ikke klare savnet. Og s\u00e5 havde jeg f\u00e5et et tip om, at <a href=\"https:\/\/www.tibetanrocks.se\/\" data-type=\"link\" data-id=\"https:\/\/www.tibetanrocks.se\/\">&#8220;Tibetan Rocks&#8221;<\/a> havde en knap 7-\u00e5rig, smuk Champion Tibbe til omplacering. En mailkorrespondance resulterede i, at jeg fik lov at overtage ham, og s\u00f8nnen ville gerne k\u00f8re (han elsker at k\u00f8re i sin store VW handicap-bil).<\/p>\n\n\n\n<figure class=\"wp-block-image size-full\"><a href=\"http:\/\/www.syenlap.dk\/wp-content\/uploads\/2025\/04\/250323-Aramis.jpg\" rel=\"lightbox[40667]\"><img loading=\"lazy\" decoding=\"async\" width=\"600\" height=\"527\" src=\"http:\/\/www.syenlap.dk\/wp-content\/uploads\/2025\/04\/250323-Aramis.jpg\" alt=\"\" class=\"wp-image-40670\" srcset=\"http:\/\/www.syenlap.dk\/wp-content\/uploads\/2025\/04\/250323-Aramis.jpg 600w, http:\/\/www.syenlap.dk\/wp-content\/uploads\/2025\/04\/250323-Aramis-300x264.jpg 300w, http:\/\/www.syenlap.dk\/wp-content\/uploads\/2025\/04\/250323-Aramis-342x300.jpg 342w\" sizes=\"auto, (max-width: 600px) 100vw, 600px\" \/><\/a><\/figure>\n\n\n\n<p>Og jeg gl\u00e6dede mig helt vildt! Men faktisk var det temmelig modigt! For jeg havde jo aldrig m\u00f8dt ham, kun set et billede, og han var sort med hvid plet p\u00e5 brystet ligesom Diki &#8211; men han viste sig at v\u00e6re noget st\u00f8rre, meget st\u00e6rkere og med en helt anden baggrund! Boede p\u00e5 landet, gik ikke ture i snor, men l\u00f8b p\u00e5 en natursti ved en cykel! Han kunne g\u00e5 meget flot i udstillingssnor, havde (og har) en flot udstr\u00e5ling og en meget k\u00e6rlig natur! &#8211; men trak voldsomt i alm. snor!<\/p>\n\n\n\n<p>Jeg t\u00f8r godt at sige, at vi faldt pladask for hinanden, Aramis og jeg! Det er virkelig den store k\u00e6rlighed! Og det faldt mig aldrig ind at give op og tage imod tilbuddet: &#8220;Vi kommer gerne og henter ham igen&#8221;, som hans opdr\u00e6tter skrev, da jeg &#8220;peb&#8221; lidt, fordi jeg havde sv\u00e6rt ved at holde ham, n\u00e5r vi gik tur.<\/p>\n\n\n\n<p>Men det har faktisk taget 2 \u00e5r! f\u00f8r han opfyldte min dr\u00f8m om at g\u00e5 afslappet og p\u00e6nt i snor ved siden af mig, i stedet for at hale af sted i strakt snor &#8211; s\u00e5 voldsomt, s\u00e5 jeg er faldet et par gange, fordi jeg ikke kunne holde ham (uden at der skete nogen skade)! N\u00e5, det blev ikke bedre af, at jeg efter min sygdom sidste sommer havde meget svage ben og d\u00e5rlig balance.<\/p>\n\n\n\n<p>Det v\u00e6rste har v\u00e6ret hans aversion overfor de fleste han-hunde, vi har m\u00f8dt. Han kan blive totalt ophidset, snerre, g\u00f8, tr\u00e6kke voldsomt i snoren, s\u00e5 b\u00e5de den anden hund + ejer bliver meget forskr\u00e6kkede, og jeg blir bange! Ikke alle hanhunde &#8211; jeg kan ikke gennemskue,. hvilke han ikke kan lide (eller er frygter?), for nogle &#8211; store som sm\u00e5 &#8211; har han ingen problemer med! F.eks. den store Berner Sennen, som godt nok g\u00f8r af ham, men som gerne vil &#8220;snakke&#8221;, n\u00e5r vi g\u00e5r forbi dagligt.<\/p>\n\n\n\n<p>Men gudskelov har jeg hele vejen elsket den k\u00e6rlige kraftbombe! Og datteren, som har 2 af samme race &#8211; har l\u00e6rt mig nogle tricks til at berolige ham med, s\u00e5 nu g\u00e5r det rigtig fint!<\/p>\n\n\n\n<p>Men som sagt har det taget 2 \u00e5r &#8211; og s\u00e5 lige pludselig g\u00e5r han som jeg har dr\u00f8mt om: med slap snor, opm\u00e6rksomheden p\u00e5 mig (og min lomme med godbidder), mange sm\u00e5 snuse- og tissepauser, st\u00e5r p\u00e6nt stille, n\u00e5r jeg beder ham &#8220;vente&#8221;, n\u00e5r vi skal over gaden og ser efter biler f\u00f8rst, eller n\u00e5r jeg skal &#8220;samle op&#8221; efter ham.<\/p>\n\n\n\n<p>Herhjemme har vi hele tiden haft det fint, lige fra den f\u00f8rste aften, da vi kom hjem fra Sverige, og han fik mad og lagde sig til at sove p\u00e5 sit t\u00e6ppe (Diki&#8217;s kurv var alt for lille) ved siden af min seng. Han fik en st\u00f8rre seng, som han er glad for, men han vil ogs\u00e5 gerne op i fodenden hos mig &#8211; bare 10-15 min., s\u00e5 hopper han ned i sin egen seng.<\/p>\n\n\n\n<p>Min lille r\u00e6kkehus-have sagde ham ikke s\u00e5 meget, men den har han ogs\u00e5 l\u00e6rt at g\u00e5 ud i. Og leget\u00f8jsdyr interesserer ham heller ikke ret meget, men s\u00e5 har vi fundet andre ting at lege med &#8211; helst noget, der har med mad el godbidder at g\u00f8re \ud83d\ude09 <\/p>\n\n\n\n<p>Og pelsen er stadig flot, selv om han bliver klippet 4 x \u00e5ret, ellers ville jeg ikke kunne holde den.<\/p>\n\n\n\n<p>S\u00e5 alt i alt &#8211; TAK FOR ARAMIS (i daglig tale Armi)!!!<\/p>\n\n\n\n<figure class=\"wp-block-image size-full\"><a href=\"http:\/\/www.syenlap.dk\/wp-content\/uploads\/2025\/04\/120425-aramis-2.jpg\" rel=\"lightbox[40667]\"><img loading=\"lazy\" decoding=\"async\" width=\"600\" height=\"856\" src=\"http:\/\/www.syenlap.dk\/wp-content\/uploads\/2025\/04\/120425-aramis-2.jpg\" alt=\"\" class=\"wp-image-40668\" srcset=\"http:\/\/www.syenlap.dk\/wp-content\/uploads\/2025\/04\/120425-aramis-2.jpg 600w, http:\/\/www.syenlap.dk\/wp-content\/uploads\/2025\/04\/120425-aramis-2-210x300.jpg 210w\" sizes=\"auto, (max-width: 600px) 100vw, 600px\" \/><\/a><\/figure>\n","protected":false},"excerpt":{"rendered":"<p>I disse dage er det 2 \u00e5r siden, at \u00e6ldstes\u00f8nnen og jeg k\u00f8rte 600 km (og 3 broer) til Blidberg i Sverige for at hente den flotte Tibetanske Terrier, der skulle udfylde mit savn, efter at Diki d\u00f8de 1 m\u00e5ned &hellip; <a href=\"http:\/\/www.syenlap.dk\/?p=40667\">L\u00e6s resten <span class=\"meta-nav\">&rarr;<\/span><\/a><\/p>\n","protected":false},"author":2,"featured_media":0,"comment_status":"open","ping_status":"open","sticky":false,"template":"","format":"standard","meta":{"footnotes":""},"categories":[1],"tags":[],"class_list":["post-40667","post","type-post","status-publish","format-standard","hentry","category-ikke-kategoriseret"],"_links":{"self":[{"href":"http:\/\/www.syenlap.dk\/index.php?rest_route=\/wp\/v2\/posts\/40667","targetHints":{"allow":["GET"]}}],"collection":[{"href":"http:\/\/www.syenlap.dk\/index.php?rest_route=\/wp\/v2\/posts"}],"about":[{"href":"http:\/\/www.syenlap.dk\/index.php?rest_route=\/wp\/v2\/types\/post"}],"author":[{"embeddable":true,"href":"http:\/\/www.syenlap.dk\/index.php?rest_route=\/wp\/v2\/users\/2"}],"replies":[{"embeddable":true,"href":"http:\/\/www.syenlap.dk\/index.php?rest_route=%2Fwp%2Fv2%2Fcomments&post=40667"}],"version-history":[{"count":4,"href":"http:\/\/www.syenlap.dk\/index.php?rest_route=\/wp\/v2\/posts\/40667\/revisions"}],"predecessor-version":[{"id":40675,"href":"http:\/\/www.syenlap.dk\/index.php?rest_route=\/wp\/v2\/posts\/40667\/revisions\/40675"}],"wp:attachment":[{"href":"http:\/\/www.syenlap.dk\/index.php?rest_route=%2Fwp%2Fv2%2Fmedia&parent=40667"}],"wp:term":[{"taxonomy":"category","embeddable":true,"href":"http:\/\/www.syenlap.dk\/index.php?rest_route=%2Fwp%2Fv2%2Fcategories&post=40667"},{"taxonomy":"post_tag","embeddable":true,"href":"http:\/\/www.syenlap.dk\/index.php?rest_route=%2Fwp%2Fv2%2Ftags&post=40667"}],"curies":[{"name":"wp","href":"https:\/\/api.w.org\/{rel}","templated":true}]}}