{"id":40703,"date":"2025-09-07T18:39:44","date_gmt":"2025-09-07T16:39:44","guid":{"rendered":"http:\/\/www.syenlap.dk\/?p=40703"},"modified":"2025-09-07T18:39:44","modified_gmt":"2025-09-07T16:39:44","slug":"tryghed-2","status":"publish","type":"post","link":"http:\/\/www.syenlap.dk\/?p=40703","title":{"rendered":"Tryghed"},"content":{"rendered":"\n<p>Der er langt mellem indl\u00e6ggene denne sommer &#8211; jeg ved det!<\/p>\n\n\n\n<p>Men vi er her endnu &#8211; Ar&#8217;mis og jeg &#8211; og vi har det godt. Det har taget 2\u00bd \u00e5r for mig at f\u00e5 ham til at g\u00e5 p\u00e6nt i snor! Og jeg har v\u00e6ret temmelig nerv\u00f8s, fordi min balance stadig (efter min sygdom for 1 \u00e5r siden) ikke er god. Men nu er han blevet roligere og jeg er st\u00e6rkere!<\/p>\n\n\n\n<p>S\u00e5 i dag ville jeg pr\u00f8ve, hvordan det ville g\u00e5 at s\u00e6tte ham i flex-line i stedet for den faste snor, som jeg altid m\u00e5 holde temmelig kort!<\/p>\n\n\n\n<p>Succes! Han tr\u00e6kker ikke, men g\u00e5r s\u00e5 p\u00e6nt og har plads til at snuse til begge sider. N\u00e5r vi kommer ud p\u00e5 den bef\u00e6rdede gade, strammer jeg snoren og l\u00e5ser den, men han g\u00e5r stadig p\u00e6nt, og s\u00e5 f\u00e5r han l\u00e6ngere snor igen, n\u00e5r vi sl\u00e5r ind p\u00e5 stille vej. Jeg tror virkelig, han nyder det, selv om han sikkert ikke er klar over, hvad der g\u00f8r forandringen! F\u00f8r har jeg v\u00e6ret generet af hans impulsive, hurtige tr\u00e6k til siderne, n\u00e5r han vil unders\u00f8ge ting\/dufte, det kan han nu g\u00f8re uden gene for mig! Og han g\u00e5r bare lidt foran mig, roligt og p\u00e6nt &#8211; reagerer p\u00e5 mine kald: &#8220;vent&#8221; &#8211; &#8220;stop&#8221;, og jeg har hele tiden fingeren klar p\u00e5 bremsen. Det var ogs\u00e5 s\u00e5dan, jeg gjorde med Diki, men han trak aldrig, s\u00e5 jeg har ikke turde g\u00f8re det med Ar&#8217;mis.<\/p>\n\n\n\n<p>Vi m\u00e5 pr\u00f8ve igen i morgen!<\/p>\n\n\n\n<p>I nat var det ham, der havde brug for tryghed! Vi gik i seng kl ca. 24, han sover for det meste p\u00e5 gulvet eller i sin kurv ved siden af min seng &#8211; aldrig problemer! Han m\u00e5 godt hoppe op i min fodende, men han blir der kun nogle minutter &#8211; det er for varmt, tror jeg.<br>Pludselig v\u00e5gnede jeg &#8211; kl 01 &#8211; ved et enormt knald, opfulgt af mange flere, tydeligt fyrv\u00e6rkeri! Det er sket f\u00f8r, hvis der f.eks. er bryllup i forsamlingshuset, som ligger p\u00e5 den anden side af gaden &#8211; men dette var voldsomt!<\/p>\n\n\n\n<p>Jeg blev liggende og lyttede &#8211; helt stille &#8211; og s\u00e5 pludselig m\u00e6rkede jeg Ar&#8217;mis, der helt stille <em>kr\u00f8b <\/em>op i min fodende, tr\u00e5dte hen over mig og lagde sig forsigtigt ned t\u00e6t op ad min ryg lige s\u00e5 lang han er. Ikke en lyd, men hovedet ned p\u00e5 min pude, da jeg nussede ham!<\/p>\n\n\n\n<p>Jeg tror, det varede 1 kvarter, og det var meget h\u00f8jt (jeg har altid vinduet \u00e5bent), s\u00e5 stoppede det, og s\u00e5 listede han ned p\u00e5 gulvet igen! Vi sov godt resten af natten!<\/p>\n\n\n\n<p>Og s\u00e5 fandt jeg ud af, da vi m\u00f8dte vores &#8220;morgen-g\u00e5-tur-med-hunden-venner&#8221;, at det faktisk ikke var i forsamlingshuset, der var fest, men i Idr\u00e6tcenteret, der ligger noget l\u00e6ngere v\u00e6k, de var nemlig ogs\u00e5 blevet v\u00e6kket og havde v\u00e6ret oppe og kigge, hvor larmen kom fra. Det er ikke OK, synes jeg, min demente nabo havde ogs\u00e5 v\u00e6ret v\u00e5gen, meget forskr\u00e6kket og forvirret, det sad stadig i hende i dag, da jeg kiggede til hende.<br><\/p>\n","protected":false},"excerpt":{"rendered":"<p>Der er langt mellem indl\u00e6ggene denne sommer &#8211; jeg ved det! Men vi er her endnu &#8211; Ar&#8217;mis og jeg &#8211; og vi har det godt. Det har taget 2\u00bd \u00e5r for mig at f\u00e5 ham til at g\u00e5 p\u00e6nt &hellip; <a href=\"http:\/\/www.syenlap.dk\/?p=40703\">L\u00e6s resten <span class=\"meta-nav\">&rarr;<\/span><\/a><\/p>\n","protected":false},"author":2,"featured_media":0,"comment_status":"open","ping_status":"open","sticky":false,"template":"","format":"standard","meta":{"footnotes":""},"categories":[1],"tags":[],"class_list":["post-40703","post","type-post","status-publish","format-standard","hentry","category-ikke-kategoriseret"],"_links":{"self":[{"href":"http:\/\/www.syenlap.dk\/index.php?rest_route=\/wp\/v2\/posts\/40703","targetHints":{"allow":["GET"]}}],"collection":[{"href":"http:\/\/www.syenlap.dk\/index.php?rest_route=\/wp\/v2\/posts"}],"about":[{"href":"http:\/\/www.syenlap.dk\/index.php?rest_route=\/wp\/v2\/types\/post"}],"author":[{"embeddable":true,"href":"http:\/\/www.syenlap.dk\/index.php?rest_route=\/wp\/v2\/users\/2"}],"replies":[{"embeddable":true,"href":"http:\/\/www.syenlap.dk\/index.php?rest_route=%2Fwp%2Fv2%2Fcomments&post=40703"}],"version-history":[{"count":1,"href":"http:\/\/www.syenlap.dk\/index.php?rest_route=\/wp\/v2\/posts\/40703\/revisions"}],"predecessor-version":[{"id":40704,"href":"http:\/\/www.syenlap.dk\/index.php?rest_route=\/wp\/v2\/posts\/40703\/revisions\/40704"}],"wp:attachment":[{"href":"http:\/\/www.syenlap.dk\/index.php?rest_route=%2Fwp%2Fv2%2Fmedia&parent=40703"}],"wp:term":[{"taxonomy":"category","embeddable":true,"href":"http:\/\/www.syenlap.dk\/index.php?rest_route=%2Fwp%2Fv2%2Fcategories&post=40703"},{"taxonomy":"post_tag","embeddable":true,"href":"http:\/\/www.syenlap.dk\/index.php?rest_route=%2Fwp%2Fv2%2Ftags&post=40703"}],"curies":[{"name":"wp","href":"https:\/\/api.w.org\/{rel}","templated":true}]}}