{"id":4315,"date":"2009-10-11T17:54:44","date_gmt":"2009-10-11T15:54:44","guid":{"rendered":"http:\/\/www.syenlap.dk\/?p=4315"},"modified":"2009-10-11T17:54:44","modified_gmt":"2009-10-11T15:54:44","slug":"et-stort-projekt","status":"publish","type":"post","link":"http:\/\/www.syenlap.dk\/?p=4315","title":{"rendered":"Et stort projekt"},"content":{"rendered":"<p>\u00a0<\/p>\n<p><a href=\"http:\/\/www.syenlap.dk\/wp-content\/uploads\/2009\/10\/stoffer-til-senget\u00e6ppe2.jpg\" rel=\"lightbox[4315]\"><img loading=\"lazy\" decoding=\"async\" class=\"aligncenter size-full wp-image-4317\" title=\"stoffer til senget\u00e6ppe\" src=\"http:\/\/www.syenlap.dk\/wp-content\/uploads\/2009\/10\/stoffer-til-senget\u00e6ppe2.jpg\" alt=\"stoffer til senget\u00e6ppe\" width=\"500\" height=\"375\" \/><\/a><\/p>\n<p>Jeg har aftalt at sy et senget\u00e6ppe\u00a0magen til <a href=\"http:\/\/www.kludekoner.dk\/forside.php?ssprog=dansk&amp;&amp;vispic=438\" target=\"_blank\">vores eget<\/a>, design Bettina Andersen for Hendes Verden,\u00a0og i eftermiddag har vi kigget p\u00e5 stofpr\u00f8ver og bestemt farver. Der kommer til at indg\u00e5 mange gamle arvede hvide tekstiler, nogle broderede monogrammer og h\u00e6klet mellemv\u00e6rk, tilh\u00f8rende flere generationer, det kan jeg jo godt lide. Der er ingen tidsfrist p\u00e5, men det er rigtig hygge-patchwork, s\u00e5 jeg gl\u00e6der mig!<\/p>\n","protected":false},"excerpt":{"rendered":"<p>\u00a0 Jeg har aftalt at sy et senget\u00e6ppe\u00a0magen til vores eget, design Bettina Andersen for Hendes Verden,\u00a0og i eftermiddag har vi kigget p\u00e5 stofpr\u00f8ver og bestemt farver. Der kommer til at indg\u00e5 mange gamle arvede hvide tekstiler, nogle broderede monogrammer &hellip; <a href=\"http:\/\/www.syenlap.dk\/?p=4315\">L\u00e6s resten <span class=\"meta-nav\">&rarr;<\/span><\/a><\/p>\n","protected":false},"author":2,"featured_media":0,"comment_status":"open","ping_status":"open","sticky":false,"template":"","format":"standard","meta":{"footnotes":""},"categories":[15],"tags":[39],"class_list":["post-4315","post","type-post","status-publish","format-standard","hentry","category-patchwork","tag-japansk-foldeteknik"],"_links":{"self":[{"href":"http:\/\/www.syenlap.dk\/index.php?rest_route=\/wp\/v2\/posts\/4315","targetHints":{"allow":["GET"]}}],"collection":[{"href":"http:\/\/www.syenlap.dk\/index.php?rest_route=\/wp\/v2\/posts"}],"about":[{"href":"http:\/\/www.syenlap.dk\/index.php?rest_route=\/wp\/v2\/types\/post"}],"author":[{"embeddable":true,"href":"http:\/\/www.syenlap.dk\/index.php?rest_route=\/wp\/v2\/users\/2"}],"replies":[{"embeddable":true,"href":"http:\/\/www.syenlap.dk\/index.php?rest_route=%2Fwp%2Fv2%2Fcomments&post=4315"}],"version-history":[{"count":0,"href":"http:\/\/www.syenlap.dk\/index.php?rest_route=\/wp\/v2\/posts\/4315\/revisions"}],"wp:attachment":[{"href":"http:\/\/www.syenlap.dk\/index.php?rest_route=%2Fwp%2Fv2%2Fmedia&parent=4315"}],"wp:term":[{"taxonomy":"category","embeddable":true,"href":"http:\/\/www.syenlap.dk\/index.php?rest_route=%2Fwp%2Fv2%2Fcategories&post=4315"},{"taxonomy":"post_tag","embeddable":true,"href":"http:\/\/www.syenlap.dk\/index.php?rest_route=%2Fwp%2Fv2%2Ftags&post=4315"}],"curies":[{"name":"wp","href":"https:\/\/api.w.org\/{rel}","templated":true}]}}