{"id":4321,"date":"2009-10-12T09:01:50","date_gmt":"2009-10-12T07:01:50","guid":{"rendered":"http:\/\/www.syenlap.dk\/?p=4321"},"modified":"2009-10-12T09:01:50","modified_gmt":"2009-10-12T07:01:50","slug":"god-morgen-hund-dreng","status":"publish","type":"post","link":"http:\/\/www.syenlap.dk\/?p=4321","title":{"rendered":"God morgen hund \/ dreng!"},"content":{"rendered":"<p><a href=\"http:\/\/www.syenlap.dk\/wp-content\/uploads\/2009\/10\/morgen.jpg\" rel=\"lightbox[4321]\"><img loading=\"lazy\" decoding=\"async\" class=\"aligncenter size-full wp-image-4322\" title=\"morgen\" src=\"http:\/\/www.syenlap.dk\/wp-content\/uploads\/2009\/10\/morgen.jpg\" alt=\"morgen\" width=\"500\" height=\"328\" \/><\/a><br \/>\nDe 2 &#8220;bedstestevenner&#8221; Ebbe og Whisky holder efter\u00e5rsferie i hinandens favn &#8211; bogstaveligt talt! Dette syn m\u00f8der mig om morgenen, n\u00e5 jeg kommer ned fra sovev\u00e6relset.<\/p>\n<p>Ebbe, den store dreng, snart 8 \u00e5r!, synes ikke, der er nogen grund til at sove oppe i sovev\u00e6relset, selv om han er alene p\u00e5 g\u00e6stev\u00e6relset. Men Whisky sover som altid ovenp\u00e5 p\u00e5 sit t\u00e6ppe. N\u00e5r han h\u00f8rer Ebbe v\u00e5gne, l\u00f8ber han ned og bliver lukket ind i alrummet, uden at jeg h\u00f8rer det mindste (ingen g\u00f8en el. larm), og s\u00e5 ser de 2 morgen-TV-tegnefilm!<\/p>\n<p><a href=\"http:\/\/www.syenlap.dk\/wp-content\/uploads\/2009\/10\/morgen2.jpg\" rel=\"lightbox[4321]\"><img loading=\"lazy\" decoding=\"async\" class=\"aligncenter size-full wp-image-4323\" title=\"morgen2\" src=\"http:\/\/www.syenlap.dk\/wp-content\/uploads\/2009\/10\/morgen2.jpg\" alt=\"morgen2\" width=\"500\" height=\"351\" \/><\/a><\/p>\n<p>De er s\u00e5 dejlige &#8211; og s\u00e5 glade for hinanden!<\/p>\n","protected":false},"excerpt":{"rendered":"<p>De 2 &#8220;bedstestevenner&#8221; Ebbe og Whisky holder efter\u00e5rsferie i hinandens favn &#8211; bogstaveligt talt! Dette syn m\u00f8der mig om morgenen, n\u00e5 jeg kommer ned fra sovev\u00e6relset. Ebbe, den store dreng, snart 8 \u00e5r!, synes ikke, der er nogen grund til &hellip; <a href=\"http:\/\/www.syenlap.dk\/?p=4321\">L\u00e6s resten <span class=\"meta-nav\">&rarr;<\/span><\/a><\/p>\n","protected":false},"author":2,"featured_media":0,"comment_status":"open","ping_status":"open","sticky":false,"template":"","format":"standard","meta":{"footnotes":""},"categories":[4,5,7],"tags":[],"class_list":["post-4321","post","type-post","status-publish","format-standard","hentry","category-dyr","category-familien","category-glder-og-sorger"],"_links":{"self":[{"href":"http:\/\/www.syenlap.dk\/index.php?rest_route=\/wp\/v2\/posts\/4321","targetHints":{"allow":["GET"]}}],"collection":[{"href":"http:\/\/www.syenlap.dk\/index.php?rest_route=\/wp\/v2\/posts"}],"about":[{"href":"http:\/\/www.syenlap.dk\/index.php?rest_route=\/wp\/v2\/types\/post"}],"author":[{"embeddable":true,"href":"http:\/\/www.syenlap.dk\/index.php?rest_route=\/wp\/v2\/users\/2"}],"replies":[{"embeddable":true,"href":"http:\/\/www.syenlap.dk\/index.php?rest_route=%2Fwp%2Fv2%2Fcomments&post=4321"}],"version-history":[{"count":0,"href":"http:\/\/www.syenlap.dk\/index.php?rest_route=\/wp\/v2\/posts\/4321\/revisions"}],"wp:attachment":[{"href":"http:\/\/www.syenlap.dk\/index.php?rest_route=%2Fwp%2Fv2%2Fmedia&parent=4321"}],"wp:term":[{"taxonomy":"category","embeddable":true,"href":"http:\/\/www.syenlap.dk\/index.php?rest_route=%2Fwp%2Fv2%2Fcategories&post=4321"},{"taxonomy":"post_tag","embeddable":true,"href":"http:\/\/www.syenlap.dk\/index.php?rest_route=%2Fwp%2Fv2%2Ftags&post=4321"}],"curies":[{"name":"wp","href":"https:\/\/api.w.org\/{rel}","templated":true}]}}