{"id":4382,"date":"2009-10-17T15:26:28","date_gmt":"2009-10-17T13:26:28","guid":{"rendered":"http:\/\/www.syenlap.dk\/?p=4382"},"modified":"2009-10-17T15:26:28","modified_gmt":"2009-10-17T13:26:28","slug":"st%c3%b8vede-farver","status":"publish","type":"post","link":"http:\/\/www.syenlap.dk\/?p=4382","title":{"rendered":"St\u00f8vede farver"},"content":{"rendered":"<p><a href=\"http:\/\/www.syenlap.dk\/wp-content\/uploads\/2009\/10\/vendestrik.jpg\" rel=\"lightbox[4382]\"><img loading=\"lazy\" decoding=\"async\" class=\"aligncenter size-full wp-image-4383\" title=\"vendestrik\" src=\"http:\/\/www.syenlap.dk\/wp-content\/uploads\/2009\/10\/vendestrik.jpg\" alt=\"vendestrik\" width=\"500\" height=\"438\" \/><\/a><\/p>\n<p>Jeg fik min datter med ud til <a href=\"http:\/\/www.lenep-katrinelund.dk\/home.php\" target=\"_blank\">Katrinelund<\/a> for at finde en bundfarve i Kauni til en vest i vendestrik, s\u00e5 jeg kunne bruge det effektgarn, som jeg ikke syntes var <a href=\"http:\/\/www.syenlap.dk\/?p=4344\" target=\"_blank\">mine farver til et t\u00f8rkl\u00e6de<\/a>. Helle valgte en lidt st\u00f8vet bl\u00e5, idet hun netop gerne ville have et lidt st\u00f8vet look, som kunne passe til nogle af de lilla og gr\u00f8nne ting, hun har i sin garderobe. S\u00e5 kunne hun ogs\u00e5 pr\u00f8ve, hvilken st\u00f8rrelse, det skulle v\u00e6re.<\/p>\n<p>Det er nye farver for mig at strikke denne model af, men det virker sp\u00e6ndende! Jeg gl\u00e6der mig til, at de lilla og gule farver kommer med!<\/p>\n<p>Det er et dejligt strikket\u00f8j!<\/p>\n","protected":false},"excerpt":{"rendered":"<p>Jeg fik min datter med ud til Katrinelund for at finde en bundfarve i Kauni til en vest i vendestrik, s\u00e5 jeg kunne bruge det effektgarn, som jeg ikke syntes var mine farver til et t\u00f8rkl\u00e6de. Helle valgte en lidt &hellip; <a href=\"http:\/\/www.syenlap.dk\/?p=4382\">L\u00e6s resten <span class=\"meta-nav\">&rarr;<\/span><\/a><\/p>\n","protected":false},"author":2,"featured_media":0,"comment_status":"open","ping_status":"open","sticky":false,"template":"","format":"standard","meta":{"footnotes":""},"categories":[5,16],"tags":[62],"class_list":["post-4382","post","type-post","status-publish","format-standard","hentry","category-familien","category-strik","tag-vendestrik"],"_links":{"self":[{"href":"http:\/\/www.syenlap.dk\/index.php?rest_route=\/wp\/v2\/posts\/4382","targetHints":{"allow":["GET"]}}],"collection":[{"href":"http:\/\/www.syenlap.dk\/index.php?rest_route=\/wp\/v2\/posts"}],"about":[{"href":"http:\/\/www.syenlap.dk\/index.php?rest_route=\/wp\/v2\/types\/post"}],"author":[{"embeddable":true,"href":"http:\/\/www.syenlap.dk\/index.php?rest_route=\/wp\/v2\/users\/2"}],"replies":[{"embeddable":true,"href":"http:\/\/www.syenlap.dk\/index.php?rest_route=%2Fwp%2Fv2%2Fcomments&post=4382"}],"version-history":[{"count":0,"href":"http:\/\/www.syenlap.dk\/index.php?rest_route=\/wp\/v2\/posts\/4382\/revisions"}],"wp:attachment":[{"href":"http:\/\/www.syenlap.dk\/index.php?rest_route=%2Fwp%2Fv2%2Fmedia&parent=4382"}],"wp:term":[{"taxonomy":"category","embeddable":true,"href":"http:\/\/www.syenlap.dk\/index.php?rest_route=%2Fwp%2Fv2%2Fcategories&post=4382"},{"taxonomy":"post_tag","embeddable":true,"href":"http:\/\/www.syenlap.dk\/index.php?rest_route=%2Fwp%2Fv2%2Ftags&post=4382"}],"curies":[{"name":"wp","href":"https:\/\/api.w.org\/{rel}","templated":true}]}}