{"id":4404,"date":"2009-10-20T21:08:59","date_gmt":"2009-10-20T19:08:59","guid":{"rendered":"http:\/\/www.syenlap.dk\/?p=4404"},"modified":"2009-10-20T21:08:59","modified_gmt":"2009-10-20T19:08:59","slug":"hannes-i-br%c3%a6dstrup","status":"publish","type":"post","link":"http:\/\/www.syenlap.dk\/?p=4404","title":{"rendered":"HANNE&#039;s i Br\u00e6dstrup"},"content":{"rendered":"<p>I morgen 21. okt. fra kl 13 &#8211; 15.30 kommer HANNE&#8217;s patchworkbutik fra Vejerslev til Aktivitetscenteret S\u00f8nderg\u00e5rden i Br\u00e6dstrup og stiller butik op. Det er altid en succes, og ikke kun deltagere p\u00e5 patchworkholdet, men alle potentielle brugere af S\u00f8nderg\u00e5rden kan komme og se p\u00e5 varerne, dvs pensionister og alle over 60 i Horsens Kommune.<\/p>\n<p>Jeg h\u00e5ber, der kommer mange, for hvis HANNE har et godt salg, kan det jo v\u00e6re, hun kommer igen!<\/p>\n<p>Der vil v\u00e6re masser af stof, bl.a. julestof, fortrinsvis i Fat Quarter\/sm\u00e5stykker, men ogs\u00e5 metervarer, og der vil v\u00e6re Pedari m\u00f8nstre, forskellige sm\u00e5ting osv, kort sagt et bredt udvalg af patchwork materialer. Det plejer at v\u00e6re en god oplevelse!<\/p>\n<p>Jeg regner med, at jeg n\u00e5r at komme, mens hun er der, og jeg har ogs\u00e5 bestilt nogle ting, som hun har med til mig, men sygeplejersken fra Det Palliative Team i Vejle har planlagt bes\u00f8g her, og det er selvf\u00f8lgelig vigtigt, for det handler om, hvordan S\u00f8ren f\u00e5r det bedre. S\u00e5 m\u00e5 jeg prioritere.<\/p>\n","protected":false},"excerpt":{"rendered":"<p>I morgen 21. okt. fra kl 13 &#8211; 15.30 kommer HANNE&#8217;s patchworkbutik fra Vejerslev til Aktivitetscenteret S\u00f8nderg\u00e5rden i Br\u00e6dstrup og stiller butik op. Det er altid en succes, og ikke kun deltagere p\u00e5 patchworkholdet, men alle potentielle brugere af S\u00f8nderg\u00e5rden &hellip; <a href=\"http:\/\/www.syenlap.dk\/?p=4404\">L\u00e6s resten <span class=\"meta-nav\">&rarr;<\/span><\/a><\/p>\n","protected":false},"author":2,"featured_media":0,"comment_status":"open","ping_status":"open","sticky":false,"template":"","format":"standard","meta":{"footnotes":""},"categories":[15,18],"tags":[],"class_list":["post-4404","post","type-post","status-publish","format-standard","hentry","category-patchwork","category-vores-samfund"],"_links":{"self":[{"href":"http:\/\/www.syenlap.dk\/index.php?rest_route=\/wp\/v2\/posts\/4404","targetHints":{"allow":["GET"]}}],"collection":[{"href":"http:\/\/www.syenlap.dk\/index.php?rest_route=\/wp\/v2\/posts"}],"about":[{"href":"http:\/\/www.syenlap.dk\/index.php?rest_route=\/wp\/v2\/types\/post"}],"author":[{"embeddable":true,"href":"http:\/\/www.syenlap.dk\/index.php?rest_route=\/wp\/v2\/users\/2"}],"replies":[{"embeddable":true,"href":"http:\/\/www.syenlap.dk\/index.php?rest_route=%2Fwp%2Fv2%2Fcomments&post=4404"}],"version-history":[{"count":0,"href":"http:\/\/www.syenlap.dk\/index.php?rest_route=\/wp\/v2\/posts\/4404\/revisions"}],"wp:attachment":[{"href":"http:\/\/www.syenlap.dk\/index.php?rest_route=%2Fwp%2Fv2%2Fmedia&parent=4404"}],"wp:term":[{"taxonomy":"category","embeddable":true,"href":"http:\/\/www.syenlap.dk\/index.php?rest_route=%2Fwp%2Fv2%2Fcategories&post=4404"},{"taxonomy":"post_tag","embeddable":true,"href":"http:\/\/www.syenlap.dk\/index.php?rest_route=%2Fwp%2Fv2%2Ftags&post=4404"}],"curies":[{"name":"wp","href":"https:\/\/api.w.org\/{rel}","templated":true}]}}