{"id":4407,"date":"2009-10-21T17:07:06","date_gmt":"2009-10-21T15:07:06","guid":{"rendered":"http:\/\/www.syenlap.dk\/?p=4407"},"modified":"2009-10-21T17:07:06","modified_gmt":"2009-10-21T15:07:06","slug":"jeg-naede-det-altsammen","status":"publish","type":"post","link":"http:\/\/www.syenlap.dk\/?p=4407","title":{"rendered":"Jeg n\u00e5ede det altsammen!"},"content":{"rendered":"<p>Jeg n\u00e5ede b\u00e5de et godt m\u00f8de med sygeplejersken fra Det palliative Team sammen med S\u00f8ren og at komme p\u00e5 S\u00f8nderg\u00e5rden, hvor\u00a0<a href=\"http:\/\/www.hanneshjemmeside.dk\/\" target=\"_blank\">HANNE<\/a> havde stillet butik op.<\/p>\n<p>Det palliative Team, hvis ekspertise vi har stor respekt for, vil nu i samr\u00e5d med vores egen l\u00e6ge finde ud, om S\u00f8ren skal indl\u00e6gges nogle dage\u00a0til n\u00e6rmere unders\u00f8gelse for at finde \u00e5rsagen til hans langvarige feberanfald. Vi fik som altid en god og grundig snak om de forskellige symptomer og hans almentilstand, som er pr\u00e6get af stor tr\u00e6thed i \u00f8jeblikket, sikkert pga feberen. Vi f\u00f8ler, at han er i gode h\u00e6nder, og selv om jeg i starten var rasende over, at evt. indl\u00e6ggelse skal v\u00e6re i Randers, s\u00e5 kan jeg godt se, at det er der, ekspertisen vedr. hans sygdom er, og han synes, der er rart at v\u00e6re. Nu f\u00e5r vi n\u00e6rmere besked.<\/p>\n<p><a href=\"http:\/\/www.syenlap.dk\/wp-content\/uploads\/2009\/10\/hanne.jpg\" rel=\"lightbox[4407]\"><img loading=\"lazy\" decoding=\"async\" class=\"aligncenter size-full wp-image-4408\" title=\"hanne\" src=\"http:\/\/www.syenlap.dk\/wp-content\/uploads\/2009\/10\/hanne.jpg\" alt=\"hanne\" width=\"500\" height=\"609\" \/><\/a><\/p>\n<p><a href=\"http:\/\/www.hanneshjemmeside.dk\/\" target=\"_blank\">HANNE<\/a> og hendes mor havde stillet mange kurve op med fristende stoffer! Og der var tilsyneladende god handel! Det er jo service, n\u00e5r butikken kommer til os og ikke omvendt!<\/p>\n<p>Jeg havde bestilt nogle gr\u00f8nne og hvide stoffer, som jeg skal bruge til det senget\u00e6ppe, jeg har f\u00e5et bestilling p\u00e5, og en ministrygejern til brug ved applikationer, s\u00e5 jeg &#8220;h\u00f8stede&#8221; ogs\u00e5. Uha, det er sv\u00e6rt, n\u00e5r der er s\u00e5 meget sp\u00e6ndende!<\/p>\n<p>Der var mange brugere, nye og gamle, der havde lagt vejen fordi, bl.a. Karen, som i sin h\u00f8je alder viste sit meget yndige t\u00e6ppe frem, som hun netop er blevet f\u00e6rdig med:<\/p>\n<p><a href=\"http:\/\/www.syenlap.dk\/wp-content\/uploads\/2009\/10\/nannas-t\u00e6ppe.jpg\" rel=\"lightbox[4407]\"><img loading=\"lazy\" decoding=\"async\" class=\"aligncenter size-full wp-image-4409\" title=\"nannas t\u00e6ppe\" src=\"http:\/\/www.syenlap.dk\/wp-content\/uploads\/2009\/10\/nannas-t\u00e6ppe.jpg\" alt=\"nannas t\u00e6ppe\" width=\"500\" height=\"543\" \/><\/a><\/p>\n<p>Og Ellen havde monteret og quiltet et &#8220;Quilt Pink&#8221;-t\u00e6ppe, som hun havde med til HANNE, der er med i det projekt <a href=\"http:\/\/www.quiltpink.dk\/\" target=\"_blank\">&#8220;QUILT PINK&#8221;, <\/a>hvor mange syr blokke og andre monterer og quilter til fordel for &#8220;St\u00f8t Brysterne&#8221;:<\/p>\n<p><a href=\"http:\/\/www.syenlap.dk\/wp-content\/uploads\/2009\/10\/quilt-pink.jpg\" rel=\"lightbox[4407]\"><img loading=\"lazy\" decoding=\"async\" class=\"aligncenter size-full wp-image-4410\" title=\"quilt pink\" src=\"http:\/\/www.syenlap.dk\/wp-content\/uploads\/2009\/10\/quilt-pink.jpg\" alt=\"quilt pink\" width=\"500\" height=\"663\" \/><\/a><\/p>\n<p>T\u00e6pperne bliver solgt eller bortauktioneret, evt. i forbindelse med et lotteri til fordel for arbejdet for\u00a0brystkr\u00e6ft\u00a0 &#8220;St\u00f8t Brysterne&#8221;.<\/p>\n","protected":false},"excerpt":{"rendered":"<p>Jeg n\u00e5ede b\u00e5de et godt m\u00f8de med sygeplejersken fra Det palliative Team sammen med S\u00f8ren og at komme p\u00e5 S\u00f8nderg\u00e5rden, hvor\u00a0HANNE havde stillet butik op. Det palliative Team, hvis ekspertise vi har stor respekt for, vil nu i samr\u00e5d med &hellip; <a href=\"http:\/\/www.syenlap.dk\/?p=4407\">L\u00e6s resten <span class=\"meta-nav\">&rarr;<\/span><\/a><\/p>\n","protected":false},"author":2,"featured_media":0,"comment_status":"open","ping_status":"open","sticky":false,"template":"","format":"standard","meta":{"footnotes":""},"categories":[5,15],"tags":[],"class_list":["post-4407","post","type-post","status-publish","format-standard","hentry","category-familien","category-patchwork"],"_links":{"self":[{"href":"http:\/\/www.syenlap.dk\/index.php?rest_route=\/wp\/v2\/posts\/4407","targetHints":{"allow":["GET"]}}],"collection":[{"href":"http:\/\/www.syenlap.dk\/index.php?rest_route=\/wp\/v2\/posts"}],"about":[{"href":"http:\/\/www.syenlap.dk\/index.php?rest_route=\/wp\/v2\/types\/post"}],"author":[{"embeddable":true,"href":"http:\/\/www.syenlap.dk\/index.php?rest_route=\/wp\/v2\/users\/2"}],"replies":[{"embeddable":true,"href":"http:\/\/www.syenlap.dk\/index.php?rest_route=%2Fwp%2Fv2%2Fcomments&post=4407"}],"version-history":[{"count":0,"href":"http:\/\/www.syenlap.dk\/index.php?rest_route=\/wp\/v2\/posts\/4407\/revisions"}],"wp:attachment":[{"href":"http:\/\/www.syenlap.dk\/index.php?rest_route=%2Fwp%2Fv2%2Fmedia&parent=4407"}],"wp:term":[{"taxonomy":"category","embeddable":true,"href":"http:\/\/www.syenlap.dk\/index.php?rest_route=%2Fwp%2Fv2%2Fcategories&post=4407"},{"taxonomy":"post_tag","embeddable":true,"href":"http:\/\/www.syenlap.dk\/index.php?rest_route=%2Fwp%2Fv2%2Ftags&post=4407"}],"curies":[{"name":"wp","href":"https:\/\/api.w.org\/{rel}","templated":true}]}}