{"id":4453,"date":"2009-10-25T20:27:49","date_gmt":"2009-10-25T18:27:49","guid":{"rendered":"http:\/\/www.syenlap.dk\/?p=4453"},"modified":"2009-10-25T20:27:49","modified_gmt":"2009-10-25T18:27:49","slug":"ha-jeg-snyder-da-bare","status":"publish","type":"post","link":"http:\/\/www.syenlap.dk\/?p=4453","title":{"rendered":"Ha! Jeg snyder da bare!"},"content":{"rendered":"<p>Vesten i vendestrik\u00a0er godt strikket\u00f8j at sidde med ved sygesengen, n\u00e5r jeg bes\u00f8ger S\u00f8ren &#8211; og s\u00e5 er sygeplejerskerne meget interesserede i det sp\u00e6ndende strikket\u00f8j!<\/p>\n<p>Men det er ikke altid, man kan beregne, hvor langt Kauni effektgarnet r\u00e6kker i forhold til vesten, alts\u00e5 hvordan f\u00e5r man farverne til at fordele sig p\u00e6nt?<\/p>\n<p><a href=\"http:\/\/www.syenlap.dk\/wp-content\/uploads\/2009\/10\/vest-farver3.jpg\" rel=\"lightbox[4453]\"><img loading=\"lazy\" decoding=\"async\" class=\"alignleft size-full wp-image-4454\" title=\"vest farver3\" src=\"http:\/\/www.syenlap.dk\/wp-content\/uploads\/2009\/10\/vest-farver3.jpg\" alt=\"vest farver3\" width=\"350\" height=\"291\" \/><\/a><\/p>\n<p>Ved starten af venstre forstykke blev striberne rosa efterfulgt af gr\u00f8n, og derefter gul og lilla p\u00e5 ryggen.<\/p>\n<p><a href=\"http:\/\/www.syenlap.dk\/wp-content\/uploads\/2009\/10\/vest-farver2.jpg\" rel=\"lightbox[4453]\"><img loading=\"lazy\" decoding=\"async\" class=\"alignright size-full wp-image-4455\" title=\"vest farver2\" src=\"http:\/\/www.syenlap.dk\/wp-content\/uploads\/2009\/10\/vest-farver2.jpg\" alt=\"vest farver2\" width=\"350\" height=\"278\" \/><\/a><\/p>\n<p>\u00a0<\/p>\n<p>\u00a0<\/p>\n<p>\u00a0<\/p>\n<p>\u00a0<\/p>\n<p>\u00a0<\/p>\n<p>\u00a0<\/p>\n<p>\u00a0<\/p>\n<p>Efter den lilla kommer den rosa igen, men derefter den gr\u00f8nne, og det vil sige, at den gr\u00f8nne vil g\u00e5 igen p\u00e5 b\u00e5de venstre og h\u00f8jre forstykke. Det synes jeg er for kedeligt!<\/p>\n<p>S\u00e5 derfor snyder jeg! Overgangen mellem gul og lilla ligner overgangen mellem rosa og gr\u00f8n, s\u00e5 jeg har &#8220;vendt det om&#8221; og strikker fra n\u00f8glets yderside i stedet for indefra, idet jeg bryder tr\u00e5den og finde et passende sted at skifte.<\/p>\n<p><a href=\"http:\/\/www.syenlap.dk\/wp-content\/uploads\/2009\/10\/vest-farver.jpg\" rel=\"lightbox[4453]\"><img loading=\"lazy\" decoding=\"async\" class=\"aligncenter size-full wp-image-4456\" title=\"vest farver\" src=\"http:\/\/www.syenlap.dk\/wp-content\/uploads\/2009\/10\/vest-farver.jpg\" alt=\"vest farver\" width=\"500\" height=\"340\" \/><\/a><\/p>\n<p>Resultatet er tilfredsstillende, set med mine \u00f8jne!<\/p>\n<p>Jeg har bes\u00f8gt S\u00f8ren i eftermiddag og f\u00e5et strikket s\u00e5 meget, at jeg kan se, hvordan det bliver.<\/p>\n<p>Han har ikke haft det ret godt i nat og var meget tr\u00e6t. Der er ikke nogen resultater af pr\u00f8verne endnu, og de unders\u00f8gelser, der er lavet indtil nu, viser ikke, hvorfor han bliver ved at f\u00e5 den h\u00f8je feber. Den var ikke s\u00e5 h\u00f8j i dag, men om det er drop&#8217;et, der virker, det er for tidligt at sige.<\/p>\n<p>Han havde haft bes\u00f8g af sin kusine fra Gren\u00e5 og hendes mand i g\u00e5r, det var han meget glad for, det gav ogs\u00e5 mig en fridag fra den lange k\u00f8retur.<\/p>\n","protected":false},"excerpt":{"rendered":"<p>Vesten i vendestrik\u00a0er godt strikket\u00f8j at sidde med ved sygesengen, n\u00e5r jeg bes\u00f8ger S\u00f8ren &#8211; og s\u00e5 er sygeplejerskerne meget interesserede i det sp\u00e6ndende strikket\u00f8j! Men det er ikke altid, man kan beregne, hvor langt Kauni effektgarnet r\u00e6kker i forhold &hellip; <a href=\"http:\/\/www.syenlap.dk\/?p=4453\">L\u00e6s resten <span class=\"meta-nav\">&rarr;<\/span><\/a><\/p>\n","protected":false},"author":2,"featured_media":0,"comment_status":"open","ping_status":"open","sticky":false,"template":"","format":"standard","meta":{"footnotes":""},"categories":[5,7,16],"tags":[62],"class_list":["post-4453","post","type-post","status-publish","format-standard","hentry","category-familien","category-glder-og-sorger","category-strik","tag-vendestrik"],"_links":{"self":[{"href":"http:\/\/www.syenlap.dk\/index.php?rest_route=\/wp\/v2\/posts\/4453","targetHints":{"allow":["GET"]}}],"collection":[{"href":"http:\/\/www.syenlap.dk\/index.php?rest_route=\/wp\/v2\/posts"}],"about":[{"href":"http:\/\/www.syenlap.dk\/index.php?rest_route=\/wp\/v2\/types\/post"}],"author":[{"embeddable":true,"href":"http:\/\/www.syenlap.dk\/index.php?rest_route=\/wp\/v2\/users\/2"}],"replies":[{"embeddable":true,"href":"http:\/\/www.syenlap.dk\/index.php?rest_route=%2Fwp%2Fv2%2Fcomments&post=4453"}],"version-history":[{"count":0,"href":"http:\/\/www.syenlap.dk\/index.php?rest_route=\/wp\/v2\/posts\/4453\/revisions"}],"wp:attachment":[{"href":"http:\/\/www.syenlap.dk\/index.php?rest_route=%2Fwp%2Fv2%2Fmedia&parent=4453"}],"wp:term":[{"taxonomy":"category","embeddable":true,"href":"http:\/\/www.syenlap.dk\/index.php?rest_route=%2Fwp%2Fv2%2Fcategories&post=4453"},{"taxonomy":"post_tag","embeddable":true,"href":"http:\/\/www.syenlap.dk\/index.php?rest_route=%2Fwp%2Fv2%2Ftags&post=4453"}],"curies":[{"name":"wp","href":"https:\/\/api.w.org\/{rel}","templated":true}]}}