{"id":4484,"date":"2009-10-28T21:21:08","date_gmt":"2009-10-28T19:21:08","guid":{"rendered":"http:\/\/www.syenlap.dk\/?p=4484"},"modified":"2009-10-28T21:21:08","modified_gmt":"2009-10-28T19:21:08","slug":"adspredelse","status":"publish","type":"post","link":"http:\/\/www.syenlap.dk\/?p=4484","title":{"rendered":"Adspredelse"},"content":{"rendered":"<p>Det er godt, jeg har nogle ting, der kan sprede mine tanker lidt, og nogle syveninder at snakke med. For nu vendte S\u00f8rens b\u00f8tte igen, og han har haft en d\u00e5rlig dag, med feber, ondt og nye unders\u00f8gelser og drop! Hvor er det strengt for ham, og stadig v\u00e6k ingen svar p\u00e5 alle pr\u00f8verne. Han har f\u00e5et brystet r\u00f8ntgenfotograferet igen, og jeg h\u00e5ber, der er nogle svar i morgen.<\/p>\n<p>Efter aftale har jeg ikke bes\u00f8gt ham &#8211; der er lang vej &#8211; men jeg har snakket med b\u00e5de ham og sygeplejersken i tlf. 2 gange i dag. Det er ikke godt.<\/p>\n<p>Det er alts\u00e5 ogs\u00e5 lidt sv\u00e6rt med den afstand. Jeg kan ikke lade v\u00e6re med at t\u00e6nke p\u00e5, at hvis jeg ikke havde en bil og et k\u00f8rekort, s\u00e5 ville det tage hele dagen at komme til Randers og hjem igen. Er det rimeligt med s\u00e5dan et gammelt \u00e6gtepar, at det skal v\u00e6re s\u00e5 besv\u00e6rligt? Der ligger et dejligt lille sygehus her i byen, og der er kun 22 km til Horsens, mens der er n\u00e6sten 90 km til Randers i t\u00e6t trafik, som godt kan v\u00e6re skr\u00e6mmende.<\/p>\n<p>Men jeg blev alts\u00e5 hjemme i dag og lod mig adsprede, det havde vi aftalt i g\u00e5r, hvor S\u00f8ren havde det godt!<\/p>\n<p>Jeg syede som s\u00e6dvanligt p\u00e5 S\u00f8nderg\u00e5rden, hvor vi er et livligt og velfungerende patchworkhold, hvor der sys stort og sm\u00e5t.<\/p>\n<p><a href=\"http:\/\/www.syenlap.dk\/wp-content\/uploads\/2009\/10\/birtes-brikker.jpg\" rel=\"lightbox[4484]\"><img loading=\"lazy\" decoding=\"async\" class=\"alignleft size-full wp-image-4485\" title=\"birtes brikker\" src=\"http:\/\/www.syenlap.dk\/wp-content\/uploads\/2009\/10\/birtes-brikker.jpg\" alt=\"birtes brikker\" width=\"500\" height=\"367\" \/><\/a><\/p>\n<p>Birte er nybegynder, men hun har syet nogle fine glasbrikker til jul.<\/p>\n<p>Bente bruger gulvet, n\u00e5r hun samler &#8220;sandwichen&#8221; f\u00f8r montering af et puttet\u00e6ppe.<\/p>\n<p style=\"text-align: center;\"><a href=\"http:\/\/www.syenlap.dk\/wp-content\/uploads\/2009\/10\/montering.jpg\" rel=\"lightbox[4484]\"><img loading=\"lazy\" decoding=\"async\" class=\"size-full wp-image-4486 aligncenter\" title=\"montering\" src=\"http:\/\/www.syenlap.dk\/wp-content\/uploads\/2009\/10\/montering.jpg\" alt=\"montering\" width=\"500\" height=\"375\" \/><\/a><\/p>\n<p>Men hun havde ogs\u00e5 et med, som er f\u00e6rdigt, ganske enkelt, men meget smukt og med en flot bagside! Begge t\u00e6pper vil skabe gl\u00e6de hos b\u00f8rn p\u00e5 julem\u00e6rkehjem.<\/p>\n<p><a href=\"http:\/\/www.syenlap.dk\/wp-content\/uploads\/2009\/10\/puttet\u00e6ppe.jpg\" rel=\"lightbox[4484]\"><img loading=\"lazy\" decoding=\"async\" class=\"aligncenter size-full wp-image-4487\" title=\"puttet\u00e6ppe\" src=\"http:\/\/www.syenlap.dk\/wp-content\/uploads\/2009\/10\/puttet\u00e6ppe.jpg\" alt=\"puttet\u00e6ppe\" width=\"500\" height=\"517\" \/><\/a><\/p>\n<p>Gerda lod os beundre sit nu f\u00e6rdige lille t\u00e6ppe, syet med japansk foldeteknik i sart turkis med fint mellemv\u00e6rk eller melleml\u00e6gsservietter syet ind.<\/p>\n<p><a href=\"http:\/\/www.syenlap.dk\/wp-content\/uploads\/2009\/10\/melleml\u00e6g.jpg\" rel=\"lightbox[4484]\"><img loading=\"lazy\" decoding=\"async\" class=\"aligncenter size-full wp-image-4488\" title=\"melleml\u00e6g\" src=\"http:\/\/www.syenlap.dk\/wp-content\/uploads\/2009\/10\/melleml\u00e6g.jpg\" alt=\"melleml\u00e6g\" width=\"500\" height=\"667\" \/><\/a><\/p>\n<p>Det er altid sp\u00e6ndende at se de andres f\u00e6rdige ting.<\/p>\n","protected":false},"excerpt":{"rendered":"<p>Det er godt, jeg har nogle ting, der kan sprede mine tanker lidt, og nogle syveninder at snakke med. For nu vendte S\u00f8rens b\u00f8tte igen, og han har haft en d\u00e5rlig dag, med feber, ondt og nye unders\u00f8gelser og drop! &hellip; <a href=\"http:\/\/www.syenlap.dk\/?p=4484\">L\u00e6s resten <span class=\"meta-nav\">&rarr;<\/span><\/a><\/p>\n","protected":false},"author":2,"featured_media":0,"comment_status":"open","ping_status":"open","sticky":false,"template":"","format":"standard","meta":{"footnotes":""},"categories":[15],"tags":[],"class_list":["post-4484","post","type-post","status-publish","format-standard","hentry","category-patchwork"],"_links":{"self":[{"href":"http:\/\/www.syenlap.dk\/index.php?rest_route=\/wp\/v2\/posts\/4484","targetHints":{"allow":["GET"]}}],"collection":[{"href":"http:\/\/www.syenlap.dk\/index.php?rest_route=\/wp\/v2\/posts"}],"about":[{"href":"http:\/\/www.syenlap.dk\/index.php?rest_route=\/wp\/v2\/types\/post"}],"author":[{"embeddable":true,"href":"http:\/\/www.syenlap.dk\/index.php?rest_route=\/wp\/v2\/users\/2"}],"replies":[{"embeddable":true,"href":"http:\/\/www.syenlap.dk\/index.php?rest_route=%2Fwp%2Fv2%2Fcomments&post=4484"}],"version-history":[{"count":0,"href":"http:\/\/www.syenlap.dk\/index.php?rest_route=\/wp\/v2\/posts\/4484\/revisions"}],"wp:attachment":[{"href":"http:\/\/www.syenlap.dk\/index.php?rest_route=%2Fwp%2Fv2%2Fmedia&parent=4484"}],"wp:term":[{"taxonomy":"category","embeddable":true,"href":"http:\/\/www.syenlap.dk\/index.php?rest_route=%2Fwp%2Fv2%2Fcategories&post=4484"},{"taxonomy":"post_tag","embeddable":true,"href":"http:\/\/www.syenlap.dk\/index.php?rest_route=%2Fwp%2Fv2%2Ftags&post=4484"}],"curies":[{"name":"wp","href":"https:\/\/api.w.org\/{rel}","templated":true}]}}