{"id":4497,"date":"2009-10-29T22:49:37","date_gmt":"2009-10-29T20:49:37","guid":{"rendered":"http:\/\/www.syenlap.dk\/?p=4497"},"modified":"2009-10-29T22:49:37","modified_gmt":"2009-10-29T20:49:37","slug":"vendestrik-vest-i-st%c3%b8vede-farver","status":"publish","type":"post","link":"http:\/\/www.syenlap.dk\/?p=4497","title":{"rendered":"Vendestrik-vest i st\u00f8vede farver"},"content":{"rendered":"<p><a href=\"http:\/\/www.syenlap.dk\/wp-content\/uploads\/2009\/10\/vest.jpg\" rel=\"lightbox[4497]\"><img loading=\"lazy\" decoding=\"async\" class=\"aligncenter size-full wp-image-4498\" title=\"vest\" src=\"http:\/\/www.syenlap.dk\/wp-content\/uploads\/2009\/10\/vest.jpg\" alt=\"vest\" width=\"500\" height=\"577\" \/><\/a><\/p>\n<p>Vesten i vendestrik til datteren tog kun 14 dage at strikke. Nu er den vasket og t\u00f8r, har f\u00e5et knapper isyet og er klar. Jeg kan tage den med til Randers i morgen og l\u00e6gge den hos hendes far, s\u00e5 kan hun tage den med hjem p\u00e5 l\u00f8rdag, n\u00e5r hun tager toget derop og bes\u00f8ger ham! Jeg h\u00e5ber, hun bliver glad! S\u00e5 kan jeg m\u00e5ske f\u00e5 et billede med indhold?<\/p>\n<p><a href=\"http:\/\/www.syenlap.dk\/wp-content\/uploads\/2009\/10\/vest-2.jpg\" rel=\"lightbox[4497]\"><img loading=\"lazy\" decoding=\"async\" class=\"aligncenter size-full wp-image-4499\" title=\"vest 2\" src=\"http:\/\/www.syenlap.dk\/wp-content\/uploads\/2009\/10\/vest-2.jpg\" alt=\"vest 2\" width=\"500\" height=\"449\" \/><\/a><\/p>\n<p>Den er blevet rigtig god i de farver, som hun selv har valgt. Og jeg er stadig begejstret for garnet &#8211; Kauni &#8211; som er behageligt og let at strikke af, og retstrikning hele vejen igennem g\u00e5r det hurtigt.<\/p>\n<p><a href=\"http:\/\/www.syenlap.dk\/wp-content\/uploads\/2009\/10\/vest-3.jpg\" rel=\"lightbox[4497]\"><img loading=\"lazy\" decoding=\"async\" class=\"aligncenter size-full wp-image-4500\" title=\"vest 3\" src=\"http:\/\/www.syenlap.dk\/wp-content\/uploads\/2009\/10\/vest-3.jpg\" alt=\"vest 3\" width=\"500\" height=\"341\" \/><\/a><\/p>\n<p>Mit lille &#8220;nummer&#8221; med at <a href=\"http:\/\/www.syenlap.dk\/?p=4453\" target=\"_blank\">snyde med farveforl\u00f8bet<\/a> gik efter forventning, s\u00e5 der blev en bedre fordeling.<\/p>\n","protected":false},"excerpt":{"rendered":"<p>Vesten i vendestrik til datteren tog kun 14 dage at strikke. Nu er den vasket og t\u00f8r, har f\u00e5et knapper isyet og er klar. Jeg kan tage den med til Randers i morgen og l\u00e6gge den hos hendes far, s\u00e5 &hellip; <a href=\"http:\/\/www.syenlap.dk\/?p=4497\">L\u00e6s resten <span class=\"meta-nav\">&rarr;<\/span><\/a><\/p>\n","protected":false},"author":2,"featured_media":0,"comment_status":"open","ping_status":"open","sticky":false,"template":"","format":"standard","meta":{"footnotes":""},"categories":[16],"tags":[62],"class_list":["post-4497","post","type-post","status-publish","format-standard","hentry","category-strik","tag-vendestrik"],"_links":{"self":[{"href":"http:\/\/www.syenlap.dk\/index.php?rest_route=\/wp\/v2\/posts\/4497","targetHints":{"allow":["GET"]}}],"collection":[{"href":"http:\/\/www.syenlap.dk\/index.php?rest_route=\/wp\/v2\/posts"}],"about":[{"href":"http:\/\/www.syenlap.dk\/index.php?rest_route=\/wp\/v2\/types\/post"}],"author":[{"embeddable":true,"href":"http:\/\/www.syenlap.dk\/index.php?rest_route=\/wp\/v2\/users\/2"}],"replies":[{"embeddable":true,"href":"http:\/\/www.syenlap.dk\/index.php?rest_route=%2Fwp%2Fv2%2Fcomments&post=4497"}],"version-history":[{"count":0,"href":"http:\/\/www.syenlap.dk\/index.php?rest_route=\/wp\/v2\/posts\/4497\/revisions"}],"wp:attachment":[{"href":"http:\/\/www.syenlap.dk\/index.php?rest_route=%2Fwp%2Fv2%2Fmedia&parent=4497"}],"wp:term":[{"taxonomy":"category","embeddable":true,"href":"http:\/\/www.syenlap.dk\/index.php?rest_route=%2Fwp%2Fv2%2Fcategories&post=4497"},{"taxonomy":"post_tag","embeddable":true,"href":"http:\/\/www.syenlap.dk\/index.php?rest_route=%2Fwp%2Fv2%2Ftags&post=4497"}],"curies":[{"name":"wp","href":"https:\/\/api.w.org\/{rel}","templated":true}]}}