{"id":4592,"date":"2009-11-05T20:57:09","date_gmt":"2009-11-05T18:57:09","guid":{"rendered":"http:\/\/www.syenlap.dk\/?p=4592"},"modified":"2009-11-05T20:57:09","modified_gmt":"2009-11-05T18:57:09","slug":"stille-dage","status":"publish","type":"post","link":"http:\/\/www.syenlap.dk\/?p=4592","title":{"rendered":"Stille dage"},"content":{"rendered":"<p>Hvor er jeg\u00a0lykkelig for, at S\u00f8ren klarede at komme hjem til sine vante omgivelser. Men han brugte nok alle sine kr\u00e6fter, for nu er han meget tr\u00e6t og sover &#8211; heldigvis helt fredeligt og roligt, men med kun svag kontakt til os, der er omkring ham.<\/p>\n<p>Vi har den mest fantastiske hjemmepleje, der kommer 6 &#8211; 7 gange i d\u00f8gnet og hj\u00e6lper ham, og de er s\u00e5 hensynsfulde og kommer med forskellige hj\u00e6lpemidler og deres s\u00f8de hum\u00f8r.<\/p>\n<p>Datteren k\u00f8ber ind og laver mad til os, hun har taget plejeorlov, det har vi det begge rigtig godt med, hendes familie var her i dag, og det var fint! Yngstes\u00f8nnen er rejst tilbage til K\u00f8benhavn til en anden familiebegivenhed, men han kan ogs\u00e5 tage orlov, hvis der er brug for det.<\/p>\n<p>Vi har pr\u00f8vet det f\u00f8r, i min generation af familien, hvor vi var meget t\u00e6t sammen omkring vores for\u00e6ldres sygdom og d\u00f8dsfald, og det er noget, der stadig mange \u00e5r efter sidder i mig som et sk\u00f8nt minde, selv om det er sv\u00e6rt!<\/p>\n<p>Tak for alle de s\u00f8de hilsner, jeg f\u00e5r, det r\u00f8rer mig mere, end I kan forestille jer.<\/p>\n","protected":false},"excerpt":{"rendered":"<p>Hvor er jeg\u00a0lykkelig for, at S\u00f8ren klarede at komme hjem til sine vante omgivelser. Men han brugte nok alle sine kr\u00e6fter, for nu er han meget tr\u00e6t og sover &#8211; heldigvis helt fredeligt og roligt, men med kun svag kontakt &hellip; <a href=\"http:\/\/www.syenlap.dk\/?p=4592\">L\u00e6s resten <span class=\"meta-nav\">&rarr;<\/span><\/a><\/p>\n","protected":false},"author":2,"featured_media":0,"comment_status":"open","ping_status":"open","sticky":false,"template":"","format":"standard","meta":{"footnotes":""},"categories":[5,7,12],"tags":[],"class_list":["post-4592","post","type-post","status-publish","format-standard","hentry","category-familien","category-glder-og-sorger","category-oplevelser"],"_links":{"self":[{"href":"http:\/\/www.syenlap.dk\/index.php?rest_route=\/wp\/v2\/posts\/4592","targetHints":{"allow":["GET"]}}],"collection":[{"href":"http:\/\/www.syenlap.dk\/index.php?rest_route=\/wp\/v2\/posts"}],"about":[{"href":"http:\/\/www.syenlap.dk\/index.php?rest_route=\/wp\/v2\/types\/post"}],"author":[{"embeddable":true,"href":"http:\/\/www.syenlap.dk\/index.php?rest_route=\/wp\/v2\/users\/2"}],"replies":[{"embeddable":true,"href":"http:\/\/www.syenlap.dk\/index.php?rest_route=%2Fwp%2Fv2%2Fcomments&post=4592"}],"version-history":[{"count":0,"href":"http:\/\/www.syenlap.dk\/index.php?rest_route=\/wp\/v2\/posts\/4592\/revisions"}],"wp:attachment":[{"href":"http:\/\/www.syenlap.dk\/index.php?rest_route=%2Fwp%2Fv2%2Fmedia&parent=4592"}],"wp:term":[{"taxonomy":"category","embeddable":true,"href":"http:\/\/www.syenlap.dk\/index.php?rest_route=%2Fwp%2Fv2%2Fcategories&post=4592"},{"taxonomy":"post_tag","embeddable":true,"href":"http:\/\/www.syenlap.dk\/index.php?rest_route=%2Fwp%2Fv2%2Ftags&post=4592"}],"curies":[{"name":"wp","href":"https:\/\/api.w.org\/{rel}","templated":true}]}}