{"id":4599,"date":"2009-11-06T16:16:32","date_gmt":"2009-11-06T14:16:32","guid":{"rendered":"http:\/\/www.syenlap.dk\/?p=4599"},"modified":"2009-11-06T16:16:32","modified_gmt":"2009-11-06T14:16:32","slug":"den-sidste-dag","status":"publish","type":"post","link":"http:\/\/www.syenlap.dk\/?p=4599","title":{"rendered":"Den sidste dag"},"content":{"rendered":"<p><a href=\"http:\/\/www.syenlap.dk\/wp-content\/uploads\/2009\/11\/061109.jpg\" rel=\"lightbox[4599]\"><img loading=\"lazy\" decoding=\"async\" class=\"aligncenter size-full wp-image-4598\" title=\"061109\" src=\"http:\/\/www.syenlap.dk\/wp-content\/uploads\/2009\/11\/061109.jpg\" alt=\"061109\" width=\"500\" height=\"513\" \/><\/a><\/p>\n<p>Jeg har mistet S\u00f8ren i dag den 6. november 2009 kl. 10.55.<\/p>\n<p>47 \u00e5r med gl\u00e6der og sorger, op- og nedture er slut. Og jeg er bare s\u00e5 glad for, at han kom hjem, som det var hans store \u00f8nske, og havde et par dage i sin elskede stue, omgivet af familien, puslet om af os og hjemmeplejen, ikke ret meget til stede, men s\u00e5 alligevel indimellem i glimt, hvor vi ikke var i tvivl om, at han var glad for at v\u00e6re i sine egne omgivelser.<\/p>\n<p>Han d\u00f8de helt stille og roligt, sov bare ind, efter en lidt urolig nat, hvor sygeplejerskerne hjalp ham med lidt smertestillende udover hans faste morfinplaster.<\/p>\n<p>\u00c6ret v\u00e6re hans minde.<\/p>\n","protected":false},"excerpt":{"rendered":"<p>Jeg har mistet S\u00f8ren i dag den 6. november 2009 kl. 10.55. 47 \u00e5r med gl\u00e6der og sorger, op- og nedture er slut. Og jeg er bare s\u00e5 glad for, at han kom hjem, som det var hans store \u00f8nske, &hellip; <a href=\"http:\/\/www.syenlap.dk\/?p=4599\">L\u00e6s resten <span class=\"meta-nav\">&rarr;<\/span><\/a><\/p>\n","protected":false},"author":2,"featured_media":0,"comment_status":"open","ping_status":"open","sticky":false,"template":"","format":"standard","meta":{"footnotes":""},"categories":[5,7],"tags":[],"class_list":["post-4599","post","type-post","status-publish","format-standard","hentry","category-familien","category-glder-og-sorger"],"_links":{"self":[{"href":"http:\/\/www.syenlap.dk\/index.php?rest_route=\/wp\/v2\/posts\/4599","targetHints":{"allow":["GET"]}}],"collection":[{"href":"http:\/\/www.syenlap.dk\/index.php?rest_route=\/wp\/v2\/posts"}],"about":[{"href":"http:\/\/www.syenlap.dk\/index.php?rest_route=\/wp\/v2\/types\/post"}],"author":[{"embeddable":true,"href":"http:\/\/www.syenlap.dk\/index.php?rest_route=\/wp\/v2\/users\/2"}],"replies":[{"embeddable":true,"href":"http:\/\/www.syenlap.dk\/index.php?rest_route=%2Fwp%2Fv2%2Fcomments&post=4599"}],"version-history":[{"count":0,"href":"http:\/\/www.syenlap.dk\/index.php?rest_route=\/wp\/v2\/posts\/4599\/revisions"}],"wp:attachment":[{"href":"http:\/\/www.syenlap.dk\/index.php?rest_route=%2Fwp%2Fv2%2Fmedia&parent=4599"}],"wp:term":[{"taxonomy":"category","embeddable":true,"href":"http:\/\/www.syenlap.dk\/index.php?rest_route=%2Fwp%2Fv2%2Fcategories&post=4599"},{"taxonomy":"post_tag","embeddable":true,"href":"http:\/\/www.syenlap.dk\/index.php?rest_route=%2Fwp%2Fv2%2Ftags&post=4599"}],"curies":[{"name":"wp","href":"https:\/\/api.w.org\/{rel}","templated":true}]}}