{"id":4603,"date":"2009-11-08T11:46:16","date_gmt":"2009-11-08T09:46:16","guid":{"rendered":"http:\/\/www.syenlap.dk\/?p=4603"},"modified":"2019-11-04T12:53:01","modified_gmt":"2019-11-04T10:53:01","slug":"tak","status":"publish","type":"post","link":"http:\/\/www.syenlap.dk\/?p=4603","title":{"rendered":"Tak!"},"content":{"rendered":"<p>Tak for alle de hilsner, jeg har f\u00e5et &#8211; det har v\u00e6ret overv\u00e6ldende og meget r\u00f8rende! Jeg var ikke klar over, at s\u00e5 mange har fulgt\u00a0med i forl\u00f8bet omkring S\u00f8rens sygdom. Jeg er meget taknemmelig for de medf\u00f8lende hilsner, som har r\u00f8rt b\u00e5de mine b\u00f8rn og mig.<\/p>\n<p>Fredag og l\u00f8rdag var optaget af mange praktiske ting og aftaler, men i h\u00f8j grad ogs\u00e5 af snak, b\u00e5de indbyrdes og med andre, f\u00f8rst og fremmest telefonsamtaler til familiemedlemmer og venner. Og selvf\u00f8lgelig ogs\u00e5 med bedemand og pr\u00e6st.<\/p>\n<p>S\u00f8ren l\u00e5 herhjemme til n\u00e6ste formiddag, s\u00e5 de, der \u00f8nskede det, kunne tage afsked. Og s\u00e5 jeg stadig kunne v\u00e6re lidt omkring ham.<\/p>\n<p>Og i g\u00e5r blev han s\u00e5 k\u00f8rt i kapel. Det var p\u00e5 \u00e9n m\u00e5de et savn, p\u00e5 en anden m\u00e5de en lettelse. Det lyder m\u00e5ske m\u00e6rkeligt, men for mig har det sidste 1\u00bd \u00e5r v\u00e6ret meget koncentreret omkring plejen af ham, og alt blev lagt til rette under hensyntagen til hans sygdom, som skiftede mange gange med op- og nedture.<\/p>\n<p>Vi har sammen v\u00e6ret gode til, at vi begge kunne dyrke vore interesser, han, n\u00e5r han kunne &#8211; det er kun knap en m\u00e5ned siden, han var ude at spille bridge, og det er i det hele taget ikke mange gange, han har m\u00e5tte melde afbud til sine 2 faste bridgemakkere, som han spillede med 2 dage hver uge. Hans frim\u00e6rker og frim\u00e6rkesalg ebbede ud, han kunne ikke samle kr\u00e6fter til det. Men han l\u00e6ste stadigv\u00e6k meget, havde ogs\u00e5 en moppedreng af en bog om Bes\u00e6ttelsen med p\u00e5 sygehuset, men den l\u00e5 ur\u00f8rt den sidste uge.<\/p>\n<p>Og han har v\u00e6ret meget fokuseret p\u00e5, at jeg kunne deltage i patchworkarrangementer, ogs\u00e5 med overnatning, hvor enten datteren eller kusinen s\u00e5 kom her, det var rigtig godt! Det gav jo ogs\u00e5 mig ny energi.<\/p>\n<p>Jeg kan endnu ikke helt v\u00e6nne mig til, at der ikke er grund til at planl\u00e6gge p\u00e5 den m\u00e5de, og jeg kan heller ikke rigtig forst\u00e5, at tiden nu er min egen!<\/p>\n<p>Og selv om jeg er glad for, at han fik fred uden at han led til sidst, s\u00e5 savner jeg ham allerede. Det g\u00f8r Whisky ogs\u00e5, han er tydeligt ked af det. Vi pr\u00f8ver at give ham ekstra opm\u00e6rksomhed!<\/p>\n<p>Samtalen med pr\u00e6sten i g\u00e5r var rigtig god. Hun kendte ham ikke, det er en forholdsvis ny, ung pr\u00e6st. Men det udviklede sig til en beretning om en mand med mange facetter! Vi skiftevis grinede og havde t\u00e5rer i \u00f8jnene, efterh\u00e5nden som vi fortalte om hans levnedsl\u00f8b, hvordan han var som far og \u00e6gtemand, hans holdninger, som var meget markante, og hans oplevelse af sygdommen, som blev mere og mere afklaret. Det var en rigtig god oplevelse, fordi vi kom omkring s\u00e5 mange minder &#8211; gode og mindre gode &#8211; det skulle v\u00e6re \u00e6gte!<\/p>\n<p>Og nu slapper vi af de n\u00e6ste dage. Datteren er taget et par dage hjem til sin egen lille familie, yngstes\u00f8nnen og svigerdatteren er her nu og hj\u00e6lper med nogle praktiske ting.<\/p>\n<p>S\u00e5 kan vi lige finde os selv indtil bis\u00e6ttelsen p\u00e5 torsdag, som ogs\u00e5 er planlagt efter lidt diskussion om, hvor S\u00f8ren ville hvile. Han \u00e6ndrede nemlig mening, men vi er klar over, at det var for at v\u00e6re mindst muligt til ulejlighed. S\u00e5 vi holder os til hans oprindelige \u00f8nsker, som han har givet udtryk for i mange \u00e5r.<\/p>\n<p>For nu at have noget helt andet at t\u00e6nke p\u00e5 i dag, k\u00f8rer svigerdatteren og jeg en tur til <a href=\"http:\/\/hannespatchwork.wordpress.com\/\" target=\"_blank\" rel=\"noopener\">HANNE&#8217;s MINI-MESSE!<\/a>\u00a0Vi har godt af at f\u00e5 tankerne spredt lidt.<\/p>\n","protected":false},"excerpt":{"rendered":"<p>Tak for alle de hilsner, jeg har f\u00e5et &#8211; det har v\u00e6ret overv\u00e6ldende og meget r\u00f8rende! Jeg var ikke klar over, at s\u00e5 mange har fulgt\u00a0med i forl\u00f8bet omkring S\u00f8rens sygdom. Jeg er meget taknemmelig for de medf\u00f8lende hilsner, som &hellip; <a href=\"http:\/\/www.syenlap.dk\/?p=4603\">L\u00e6s resten <span class=\"meta-nav\">&rarr;<\/span><\/a><\/p>\n","protected":false},"author":2,"featured_media":0,"comment_status":"open","ping_status":"open","sticky":false,"template":"","format":"standard","meta":{"footnotes":""},"categories":[7,12],"tags":[],"class_list":["post-4603","post","type-post","status-publish","format-standard","hentry","category-glder-og-sorger","category-oplevelser"],"_links":{"self":[{"href":"http:\/\/www.syenlap.dk\/index.php?rest_route=\/wp\/v2\/posts\/4603","targetHints":{"allow":["GET"]}}],"collection":[{"href":"http:\/\/www.syenlap.dk\/index.php?rest_route=\/wp\/v2\/posts"}],"about":[{"href":"http:\/\/www.syenlap.dk\/index.php?rest_route=\/wp\/v2\/types\/post"}],"author":[{"embeddable":true,"href":"http:\/\/www.syenlap.dk\/index.php?rest_route=\/wp\/v2\/users\/2"}],"replies":[{"embeddable":true,"href":"http:\/\/www.syenlap.dk\/index.php?rest_route=%2Fwp%2Fv2%2Fcomments&post=4603"}],"version-history":[{"count":1,"href":"http:\/\/www.syenlap.dk\/index.php?rest_route=\/wp\/v2\/posts\/4603\/revisions"}],"predecessor-version":[{"id":36251,"href":"http:\/\/www.syenlap.dk\/index.php?rest_route=\/wp\/v2\/posts\/4603\/revisions\/36251"}],"wp:attachment":[{"href":"http:\/\/www.syenlap.dk\/index.php?rest_route=%2Fwp%2Fv2%2Fmedia&parent=4603"}],"wp:term":[{"taxonomy":"category","embeddable":true,"href":"http:\/\/www.syenlap.dk\/index.php?rest_route=%2Fwp%2Fv2%2Fcategories&post=4603"},{"taxonomy":"post_tag","embeddable":true,"href":"http:\/\/www.syenlap.dk\/index.php?rest_route=%2Fwp%2Fv2%2Ftags&post=4603"}],"curies":[{"name":"wp","href":"https:\/\/api.w.org\/{rel}","templated":true}]}}