{"id":4607,"date":"2009-11-09T21:29:03","date_gmt":"2009-11-09T19:29:03","guid":{"rendered":"http:\/\/www.syenlap.dk\/?p=4607"},"modified":"2009-11-09T21:29:03","modified_gmt":"2009-11-09T19:29:03","slug":"det-kan-simpelthen-ikke-v%c3%a6re-rigtigt","status":"publish","type":"post","link":"http:\/\/www.syenlap.dk\/?p=4607","title":{"rendered":"Det kan simpelthen ikke v\u00e6re rigtigt!"},"content":{"rendered":"<p>Jeg er rasende &#8211; rystet &#8211; forarget. Grrr!! S\u00e5dan kan man ikke behandle folk, der i forvejen er i en alvorlig krise!<\/p>\n<p>Den plejeseng, som S\u00f8ren har ligget i \u00bd \u00e5r i stuen ovenp\u00e5, og som han heldigvis kom hjem til igen, og d\u00f8de i fredag formiddag &#8211; den skulle have v\u00e6ret hentet i dag, havde vi f\u00e5et oplyst. Horsens kommune k\u00f8rer nemlig kun 1 gang om ugen med hj\u00e6lpemidler i Br\u00e6dstrup.<\/p>\n<p>Vi holdt os hjemme, men der kom ingen og hentede sengen. Kl 14.30 spurgte jeg hjemmeplejen, som unders\u00f8gte sagen og ringede tilbage, at det blev ikke i dag, den bliver f\u00f8rst hentet n\u00e6ste mandag! Men de havde \u00e5benbart ikke t\u00e6nkt p\u00e5 at fort\u00e6lle os om den \u00e6ndring.<\/p>\n<p>Det vil sige, at vi kan holde efter-begravelse p\u00e5 torsdag omkring en plejeseng, der bringer blandede minder op i os, og som st\u00e5r midt i stuen! Og vi kan ikke f\u00e5 ordnet stuen, flyttet m\u00f8blerne p\u00e5 plads og g\u00f8re det lidt hyggeligt!<\/p>\n<p>Det er da makabert!<\/p>\n<p>Jeg har t\u00e6nkt p\u00e5 at skrive et brev &#8211; m\u00e5ske et \u00e5bent brev i avisen i disse valgtider? &#8211; og sp\u00f8rge borgmesteren, hvordan han ville have det i s\u00e5dan en situation?<\/p>\n<p>Min fornuftige s\u00f8n, som er vant til at snakke med mange slags folk i krisesituationer, fors\u00f8ger meget flot og behersket at snakke med forskellige embedsm\u00e6nd &#8211; jeg sp\u00e6ndt p\u00e5, om det lykkes. Vi kan jo ikke selv magte at skille den ad og b\u00e6re den ned ad trappen. Og hvor skal vi g\u00f8re af den? Da der\u00a0i vores carport stod en stor lift til at flytte patienten, uden at der blev brug for den, og vi bad om at f\u00e5 den flyttet, f\u00f8r vi skulle have huset fuldt af g\u00e6ster til min f\u00f8dselsdag, endte det med, at vi camouflerede den! Den blev f\u00f8rst hentet efter flere m\u00e5neder! Det er vist det, man kalder KOMMUNALT! Det er i hvert fald ikke borgervenligt.<\/p>\n","protected":false},"excerpt":{"rendered":"<p>Jeg er rasende &#8211; rystet &#8211; forarget. Grrr!! S\u00e5dan kan man ikke behandle folk, der i forvejen er i en alvorlig krise! Den plejeseng, som S\u00f8ren har ligget i \u00bd \u00e5r i stuen ovenp\u00e5, og som han heldigvis kom hjem &hellip; <a href=\"http:\/\/www.syenlap.dk\/?p=4607\">L\u00e6s resten <span class=\"meta-nav\">&rarr;<\/span><\/a><\/p>\n","protected":false},"author":2,"featured_media":0,"comment_status":"open","ping_status":"open","sticky":false,"template":"","format":"standard","meta":{"footnotes":""},"categories":[5,18],"tags":[],"class_list":["post-4607","post","type-post","status-publish","format-standard","hentry","category-familien","category-vores-samfund"],"_links":{"self":[{"href":"http:\/\/www.syenlap.dk\/index.php?rest_route=\/wp\/v2\/posts\/4607","targetHints":{"allow":["GET"]}}],"collection":[{"href":"http:\/\/www.syenlap.dk\/index.php?rest_route=\/wp\/v2\/posts"}],"about":[{"href":"http:\/\/www.syenlap.dk\/index.php?rest_route=\/wp\/v2\/types\/post"}],"author":[{"embeddable":true,"href":"http:\/\/www.syenlap.dk\/index.php?rest_route=\/wp\/v2\/users\/2"}],"replies":[{"embeddable":true,"href":"http:\/\/www.syenlap.dk\/index.php?rest_route=%2Fwp%2Fv2%2Fcomments&post=4607"}],"version-history":[{"count":0,"href":"http:\/\/www.syenlap.dk\/index.php?rest_route=\/wp\/v2\/posts\/4607\/revisions"}],"wp:attachment":[{"href":"http:\/\/www.syenlap.dk\/index.php?rest_route=%2Fwp%2Fv2%2Fmedia&parent=4607"}],"wp:term":[{"taxonomy":"category","embeddable":true,"href":"http:\/\/www.syenlap.dk\/index.php?rest_route=%2Fwp%2Fv2%2Fcategories&post=4607"},{"taxonomy":"post_tag","embeddable":true,"href":"http:\/\/www.syenlap.dk\/index.php?rest_route=%2Fwp%2Fv2%2Ftags&post=4607"}],"curies":[{"name":"wp","href":"https:\/\/api.w.org\/{rel}","templated":true}]}}