{"id":4769,"date":"2009-11-29T17:43:59","date_gmt":"2009-11-29T15:43:59","guid":{"rendered":"http:\/\/www.syenlap.dk\/?p=4769"},"modified":"2009-11-29T17:43:59","modified_gmt":"2009-11-29T15:43:59","slug":"lys-pa","status":"publish","type":"post","link":"http:\/\/www.syenlap.dk\/?p=4769","title":{"rendered":"Lys p\u00e5!"},"content":{"rendered":"<p><a href=\"http:\/\/www.syenlap.dk\/wp-content\/uploads\/2009\/11\/lys-p\u00e5.jpg\" rel=\"lightbox[4769]\"><img loading=\"lazy\" decoding=\"async\" class=\"aligncenter size-full wp-image-4770\" title=\"lys p\u00e5\" src=\"http:\/\/www.syenlap.dk\/wp-content\/uploads\/2009\/11\/lys-p\u00e5.jpg\" alt=\"lys p\u00e5\" width=\"500\" height=\"601\" \/><\/a><\/p>\n<p>Kald mig bare sentimental! Men jeg var virkelig s\u00e5 ked af, at jeg ikke selv kunne s\u00e6tte lysk\u00e6der op p\u00e5 kirseb\u00e6rtr\u00e6et p\u00e5 terrassen, som S\u00f8ren altid har gjort! N\u00e5 nej,\u00a0sidste \u00e5r kunne han ikke, men da n\u00e6nnede jeg ikke at presse ham.<\/p>\n<p>Og hos naboerne er de fineste k\u00e6der dukket op de sidste dage, men det der med at klatre p\u00e5 stiger, det dur jeg ikke til.<\/p>\n<p>Hvor\u00a0er det godt med gode naboer! S\u00e5 \u00e9n af dem satte de lidt mangelfulde k\u00e6der, jeg har, op i formiddags. Jeg m\u00e5 have nogle flere og nogle supplerende p\u00e6rer til erstatning for alle dem, der ikke dur! Men nu er der da lys p\u00e5 tr\u00e6et, s\u00e5 f\u00f8ler jeg, at jeg ogs\u00e5 er lidt med i lys-festen! Jamen jeg ved det godt: man skal jo bare sp\u00f8rge om hj\u00e6lp, det m\u00e5 jeg blive bedre til.<\/p>\n<p>Til geng\u00e6ld kunne jeg selv h\u00e6nge diverse foderautomater op, incl. et flot pileflettet kr\u00e6mmerhus , som jeg k\u00f8bte p\u00e5 L\u00f8ndal i g\u00e5r, til fedtbolde .<\/p>\n","protected":false},"excerpt":{"rendered":"<p>Kald mig bare sentimental! Men jeg var virkelig s\u00e5 ked af, at jeg ikke selv kunne s\u00e6tte lysk\u00e6der op p\u00e5 kirseb\u00e6rtr\u00e6et p\u00e5 terrassen, som S\u00f8ren altid har gjort! N\u00e5 nej,\u00a0sidste \u00e5r kunne han ikke, men da n\u00e6nnede jeg ikke at &hellip; <a href=\"http:\/\/www.syenlap.dk\/?p=4769\">L\u00e6s resten <span class=\"meta-nav\">&rarr;<\/span><\/a><\/p>\n","protected":false},"author":2,"featured_media":0,"comment_status":"open","ping_status":"open","sticky":false,"template":"","format":"standard","meta":{"footnotes":""},"categories":[3,7],"tags":[],"class_list":["post-4769","post","type-post","status-publish","format-standard","hentry","category-dagligdagen","category-glder-og-sorger"],"_links":{"self":[{"href":"http:\/\/www.syenlap.dk\/index.php?rest_route=\/wp\/v2\/posts\/4769","targetHints":{"allow":["GET"]}}],"collection":[{"href":"http:\/\/www.syenlap.dk\/index.php?rest_route=\/wp\/v2\/posts"}],"about":[{"href":"http:\/\/www.syenlap.dk\/index.php?rest_route=\/wp\/v2\/types\/post"}],"author":[{"embeddable":true,"href":"http:\/\/www.syenlap.dk\/index.php?rest_route=\/wp\/v2\/users\/2"}],"replies":[{"embeddable":true,"href":"http:\/\/www.syenlap.dk\/index.php?rest_route=%2Fwp%2Fv2%2Fcomments&post=4769"}],"version-history":[{"count":0,"href":"http:\/\/www.syenlap.dk\/index.php?rest_route=\/wp\/v2\/posts\/4769\/revisions"}],"wp:attachment":[{"href":"http:\/\/www.syenlap.dk\/index.php?rest_route=%2Fwp%2Fv2%2Fmedia&parent=4769"}],"wp:term":[{"taxonomy":"category","embeddable":true,"href":"http:\/\/www.syenlap.dk\/index.php?rest_route=%2Fwp%2Fv2%2Fcategories&post=4769"},{"taxonomy":"post_tag","embeddable":true,"href":"http:\/\/www.syenlap.dk\/index.php?rest_route=%2Fwp%2Fv2%2Ftags&post=4769"}],"curies":[{"name":"wp","href":"https:\/\/api.w.org\/{rel}","templated":true}]}}