{"id":4818,"date":"2009-12-06T01:16:08","date_gmt":"2009-12-05T23:16:08","guid":{"rendered":"http:\/\/www.syenlap.dk\/?p=4818"},"modified":"2009-12-06T01:16:08","modified_gmt":"2009-12-05T23:16:08","slug":"et-smukt-hvilested","status":"publish","type":"post","link":"http:\/\/www.syenlap.dk\/?p=4818","title":{"rendered":"Et smukt hvilested"},"content":{"rendered":"<p><a href=\"http:\/\/www.syenlap.dk\/wp-content\/uploads\/2009\/12\/gravsted.jpg\" rel=\"lightbox[4818]\"><img loading=\"lazy\" decoding=\"async\" class=\"aligncenter size-full wp-image-4819\" title=\"gravsted\" src=\"http:\/\/www.syenlap.dk\/wp-content\/uploads\/2009\/12\/gravsted.jpg\" alt=\"gravsted\" width=\"500\" height=\"375\" \/><\/a><\/p>\n<p>Det blev en\u00a0god lille begivenhed, da vi stedte S\u00f8ren til hvile i hans for\u00e6ldres gravsted i hans hjemby. Kirkeg\u00e5rden havde forberedt det s\u00e5 fint, vi hentede urnen i kapellet, hvor der var t\u00e6ndt levende lys. \u00c6ldstes\u00f8nnen bar urnen hen til gravstedet og satte den ned, hvor en smuk krans markerede, hvor der var gravet. Og s\u00e5 lagde vi\u00a0vore kranse og dekorationer. Vi fik ogs\u00e5 aftalt, hvordan der skal flyttes lidt p\u00e5 det, der st\u00e5r i forvejen, det er et stort gravsted, s\u00e5 der er fint plads til den nye sten, som vi havde v\u00e6ret henne og v\u00e6lge ud. Vi valgte en anden, end den stenhuggeren havde foresl\u00e5et, men stadig en, der passer p\u00e6nt til den natursten, der er minde om for\u00e6ldrene. De k\u00f8nne r\u00f8de &#8220;Igaliko-sten&#8221;\u00a0 har S\u00f8ren selv hjembragt fra Gr\u00f8nland.<\/p>\n<p>Jeg havde bestilt julestjerner p\u00e5 min krans, for netop her i december k\u00f8bte S\u00f8ren altid en hel masse julestjerner og satte rundt omkring i huset. Det er ikke sikkert, de holder s\u00e5 l\u00e6nge udend\u00f8rs, men dekorationen er lavet s\u00e5dan, at man bare kan tage mini-julestjernerne v\u00e6k, og s\u00e5 er kransen stadigv\u00e6k pyntet med kogler, mos og b\u00e6r.<\/p>\n<p>Det var en dejlig oplevelse, og sk\u00f8nt at vi kunne v\u00e6re sammen om den, b\u00f8rneb\u00f8rn, b\u00f8rn og jeg.<\/p>\n<p>Nu hygger vi os, har f\u00e5et noget godt at spise, s\u00f8nnerne har kigget p\u00e5 deres fars t\u00f8j og kan godt bruge noget af det, det er jeg glad for. Der var ogs\u00e5 noget, svigers\u00f8nnen kunne bruge, selv om han har en anden statur, og drengene kunne bruge huer, pyjamas&#8217;er og sko! Livet g\u00e5r videre, det er som det skal v\u00e6re.<\/p>\n","protected":false},"excerpt":{"rendered":"<p>Det blev en\u00a0god lille begivenhed, da vi stedte S\u00f8ren til hvile i hans for\u00e6ldres gravsted i hans hjemby. Kirkeg\u00e5rden havde forberedt det s\u00e5 fint, vi hentede urnen i kapellet, hvor der var t\u00e6ndt levende lys. \u00c6ldstes\u00f8nnen bar urnen hen til &hellip; <a href=\"http:\/\/www.syenlap.dk\/?p=4818\">L\u00e6s resten <span class=\"meta-nav\">&rarr;<\/span><\/a><\/p>\n","protected":false},"author":2,"featured_media":0,"comment_status":"open","ping_status":"open","sticky":false,"template":"","format":"standard","meta":{"footnotes":""},"categories":[5,7,12,18],"tags":[],"class_list":["post-4818","post","type-post","status-publish","format-standard","hentry","category-familien","category-glder-og-sorger","category-oplevelser","category-vores-samfund"],"_links":{"self":[{"href":"http:\/\/www.syenlap.dk\/index.php?rest_route=\/wp\/v2\/posts\/4818","targetHints":{"allow":["GET"]}}],"collection":[{"href":"http:\/\/www.syenlap.dk\/index.php?rest_route=\/wp\/v2\/posts"}],"about":[{"href":"http:\/\/www.syenlap.dk\/index.php?rest_route=\/wp\/v2\/types\/post"}],"author":[{"embeddable":true,"href":"http:\/\/www.syenlap.dk\/index.php?rest_route=\/wp\/v2\/users\/2"}],"replies":[{"embeddable":true,"href":"http:\/\/www.syenlap.dk\/index.php?rest_route=%2Fwp%2Fv2%2Fcomments&post=4818"}],"version-history":[{"count":0,"href":"http:\/\/www.syenlap.dk\/index.php?rest_route=\/wp\/v2\/posts\/4818\/revisions"}],"wp:attachment":[{"href":"http:\/\/www.syenlap.dk\/index.php?rest_route=%2Fwp%2Fv2%2Fmedia&parent=4818"}],"wp:term":[{"taxonomy":"category","embeddable":true,"href":"http:\/\/www.syenlap.dk\/index.php?rest_route=%2Fwp%2Fv2%2Fcategories&post=4818"},{"taxonomy":"post_tag","embeddable":true,"href":"http:\/\/www.syenlap.dk\/index.php?rest_route=%2Fwp%2Fv2%2Ftags&post=4818"}],"curies":[{"name":"wp","href":"https:\/\/api.w.org\/{rel}","templated":true}]}}