{"id":4908,"date":"2009-12-18T19:52:27","date_gmt":"2009-12-18T17:52:27","guid":{"rendered":"http:\/\/www.syenlap.dk\/?p=4908"},"modified":"2009-12-18T19:52:27","modified_gmt":"2009-12-18T17:52:27","slug":"yndlingsmodellen-nu-med-briller","status":"publish","type":"post","link":"http:\/\/www.syenlap.dk\/?p=4908","title":{"rendered":"Yndlingsmodellen &#8211; nu med briller"},"content":{"rendered":"<p><a href=\"http:\/\/www.syenlap.dk\/wp-content\/uploads\/2009\/12\/christina-181209-med-briller.jpg\" rel=\"lightbox[4908]\"><img loading=\"lazy\" decoding=\"async\" class=\"aligncenter size-full wp-image-4909\" title=\"christina 181209 med briller\" src=\"http:\/\/www.syenlap.dk\/wp-content\/uploads\/2009\/12\/christina-181209-med-briller.jpg\" alt=\"christina 181209 med briller\" width=\"500\" height=\"667\" \/><\/a><\/p>\n<p>Min yndlingsmodel har skiftet udseende! Christina har f\u00e5et briller, og det ser ikke ud til, at det generer hende!<\/p>\n<p>Hun er n\u00e6rsynet ligesom min mor\/hendes oldemor, mig\/hendes farmor, hendes far, hendes faster og hendes farbror &#8211; s\u00e5 hun m\u00e5 jo v\u00e6re arveligt belastet!<\/p>\n<p>Jeg kan huske, da jeg fik briller som 12-\u00e5rig, at jeg blev s\u00e5 forbavset over, at jeg kunne se de tynde grene p\u00e5 tr\u00e6erne. Jeg vidste jo ikke, at jeg IKKE havde kunne se dem. Christina har ogs\u00e5 oplevet, at hun pludselig kunne se meget mere.<\/p>\n<p>Men brillerne er jo helt anderledes i dag. Min mors briller var meget ukl\u00e6delige runde &#8220;sygekassebriller&#8221;, det har jeg set p\u00e5 billeder:<\/p>\n<p><a href=\"http:\/\/www.syenlap.dk\/wp-content\/uploads\/2009\/12\/min-d\u00e5b.jpg\" rel=\"lightbox[4908]\"><img loading=\"lazy\" decoding=\"async\" class=\"aligncenter size-full wp-image-4910\" title=\"min d\u00e5b\" src=\"http:\/\/www.syenlap.dk\/wp-content\/uploads\/2009\/12\/min-d\u00e5b.jpg\" alt=\"min d\u00e5b\" width=\"450\" height=\"587\" \/><\/a><\/p>\n<p>Mine var nu heller ikke for k\u00f8nne<\/p>\n<p><a href=\"http:\/\/www.syenlap.dk\/wp-content\/uploads\/2009\/12\/4-piger.jpg\" rel=\"lightbox[4908]\"><img loading=\"lazy\" decoding=\"async\" class=\"aligncenter size-full wp-image-4911\" title=\"4 piger\" src=\"http:\/\/www.syenlap.dk\/wp-content\/uploads\/2009\/12\/4-piger.jpg\" alt=\"4 piger\" width=\"497\" height=\"723\" \/><\/a><\/p>\n<p>Det var julekort-billede af os 4 s\u00f8stre, og jeg var ikke glad for de briller, for jeg brugte dem kun i skolen og biografen! F\u00f8rst flere \u00e5r efter blev det n\u00f8dvendigt at bruge dem.<\/p>\n<p>Og da jeg i 1994 var i Moskva sammen med 4 af mine spejdere p\u00e5 14-16 \u00e5r\u00a0for at hj\u00e6lpe nogle unge russere med at starte en spejdergruppe &#8211; et nyt og ukendt begreb for russere s\u00e5 kort efter Sovjetunionens sammenbrud, var\u00a0briller som disse:<\/p>\n<p><a href=\"http:\/\/www.syenlap.dk\/wp-content\/uploads\/2009\/12\/hanne0108-2.jpg\" rel=\"lightbox[4908]\"><img loading=\"lazy\" decoding=\"async\" class=\"aligncenter size-full wp-image-4913\" title=\"hanne0108 2\" src=\"http:\/\/www.syenlap.dk\/wp-content\/uploads\/2009\/12\/hanne0108-2.jpg\" alt=\"hanne0108 2\" width=\"350\" height=\"441\" \/><\/a><\/p>\n<p>..alt for moderne til at jeg kunne give mig ud for at v\u00e6re russer, som de unge mennesker ville. De var nemlig chokerede over, at vi skulle betale 10 gange s\u00e5 meget for at komme ind i Kreml, som de selv skulle, s\u00e5 de \u00e6ndrede vores udseende og beordrede os til at holde munden lukket! Jeg skulle tage brillerne af,\u00a0 jeg m\u00e5tte ikke g\u00e5 med min &#8220;Fj\u00e4llr\u00e4ven&#8221; p\u00e5 ryggen, den tog en af drengene, og en af de unge piger tog mig omsorgsfuldt under armen, som man ville g\u00f8re med en gammel babuschka! Vi kom ind!\u00a0<\/p>\n<p>Men Christina kan godt v\u00e6re fotomodel med sine smarte briller.<\/p>\n<p><a href=\"http:\/\/www.syenlap.dk\/wp-content\/uploads\/2009\/12\/christina-181209-med-briller-2.jpg\" rel=\"lightbox[4908]\"><img loading=\"lazy\" decoding=\"async\" class=\"aligncenter size-full wp-image-4915\" title=\"christina 181209 med briller 2\" src=\"http:\/\/www.syenlap.dk\/wp-content\/uploads\/2009\/12\/christina-181209-med-briller-2.jpg\" alt=\"christina 181209 med briller 2\" width=\"500\" height=\"554\" \/><\/a><\/p>\n","protected":false},"excerpt":{"rendered":"<p>Min yndlingsmodel har skiftet udseende! Christina har f\u00e5et briller, og det ser ikke ud til, at det generer hende! Hun er n\u00e6rsynet ligesom min mor\/hendes oldemor, mig\/hendes farmor, hendes far, hendes faster og hendes farbror &#8211; s\u00e5 hun m\u00e5 jo &hellip; <a href=\"http:\/\/www.syenlap.dk\/?p=4908\">L\u00e6s resten <span class=\"meta-nav\">&rarr;<\/span><\/a><\/p>\n","protected":false},"author":2,"featured_media":0,"comment_status":"open","ping_status":"open","sticky":false,"template":"","format":"standard","meta":{"footnotes":""},"categories":[5,12],"tags":[],"class_list":["post-4908","post","type-post","status-publish","format-standard","hentry","category-familien","category-oplevelser"],"_links":{"self":[{"href":"http:\/\/www.syenlap.dk\/index.php?rest_route=\/wp\/v2\/posts\/4908","targetHints":{"allow":["GET"]}}],"collection":[{"href":"http:\/\/www.syenlap.dk\/index.php?rest_route=\/wp\/v2\/posts"}],"about":[{"href":"http:\/\/www.syenlap.dk\/index.php?rest_route=\/wp\/v2\/types\/post"}],"author":[{"embeddable":true,"href":"http:\/\/www.syenlap.dk\/index.php?rest_route=\/wp\/v2\/users\/2"}],"replies":[{"embeddable":true,"href":"http:\/\/www.syenlap.dk\/index.php?rest_route=%2Fwp%2Fv2%2Fcomments&post=4908"}],"version-history":[{"count":0,"href":"http:\/\/www.syenlap.dk\/index.php?rest_route=\/wp\/v2\/posts\/4908\/revisions"}],"wp:attachment":[{"href":"http:\/\/www.syenlap.dk\/index.php?rest_route=%2Fwp%2Fv2%2Fmedia&parent=4908"}],"wp:term":[{"taxonomy":"category","embeddable":true,"href":"http:\/\/www.syenlap.dk\/index.php?rest_route=%2Fwp%2Fv2%2Fcategories&post=4908"},{"taxonomy":"post_tag","embeddable":true,"href":"http:\/\/www.syenlap.dk\/index.php?rest_route=%2Fwp%2Fv2%2Ftags&post=4908"}],"curies":[{"name":"wp","href":"https:\/\/api.w.org\/{rel}","templated":true}]}}