{"id":4931,"date":"2009-12-21T19:21:08","date_gmt":"2009-12-21T17:21:08","guid":{"rendered":"http:\/\/www.syenlap.dk\/?p=4931"},"modified":"2009-12-21T19:21:08","modified_gmt":"2009-12-21T17:21:08","slug":"de-sma-og-store-gl%c3%a6der-og-sorger","status":"publish","type":"post","link":"http:\/\/www.syenlap.dk\/?p=4931","title":{"rendered":"De sm\u00e5 og store gl\u00e6der &#8211; og sorger!"},"content":{"rendered":"<p>Hvor heldig kan man v\u00e6re? Da jeg kom hjem i g\u00e5r efter at have v\u00e6ret p\u00e5 posthuset med en stak julebreve og nogle sm\u00e5indk\u00f8b i REMA, havde jeg tabt min gaded\u00f8rsn\u00f8gle! Jeg havde den i jakkelommen, hvor jeg altid har den, men v\u00e6k var den, heller ikke i eller omkring bilen var den. Heldigvis har jeg en reserven\u00f8gle tilg\u00e6ngeligt, s\u00e5 jeg kom ind, men det var jo ikke s\u00e5 rart med den forsvundne n\u00f8gle, selv om der ikke er noget navn el. adresse p\u00e5. Jeg var egentlig mest ked af, at det er S\u00f8rens n\u00f8gle med en vedh\u00e6ftet lillebitte r\u00f8d lommekniv.<\/p>\n<p>I dag var jeg s\u00e5 inde i REMA for at h\u00f8re, om de havde fundet den, og jeg ledte ogs\u00e5 p\u00e5 P-pladsen, men der var ikke nogen n\u00f8gle at se i de mudrede snerester.<\/p>\n<p>S\u00f8rme om ikke en kassedame ringede, at en kunde var kommet ind med den, jeg havde jo beskrevet den lille r\u00f8de kniv og givet dem tlf.nr. Glad er jeg nu, hvor jeg har hentet den!<\/p>\n<p><a href=\"http:\/\/www.syenlap.dk\/wp-content\/uploads\/2009\/12\/humanit\u00e6r.jpg\" rel=\"lightbox[4931]\"><img loading=\"lazy\" decoding=\"async\" class=\"aligncenter size-full wp-image-4932\" title=\"humanit\u00e6r\" src=\"http:\/\/www.syenlap.dk\/wp-content\/uploads\/2009\/12\/humanit\u00e6r.jpg\" alt=\"\" width=\"500\" height=\"592\" \/><\/a><\/p>\n<p>I dag har jeg overst\u00e5et en af de sv\u00e6re ting. Jeg har pakket S\u00f8rens t\u00f8j sammen &#8211; det som &#8220;drengene&#8221; ikke kunne bruge, og det er hentet af Jens Erik fra <a href=\"http:\/\/www.humani.dk\/\" target=\"_blank\">Br\u00e6dstrup Humanit\u00e6r Forening<\/a>, vores store genbrugsforretning. Det er vemodigt, og der var ting, jeg havde det sv\u00e6rere med end andre, en l\u00e6kker gr\u00f8n vindjakke, som han brugte meget, og som han i\u00f8vrigt fik, efter at en vore n\u00e6re venner d\u00f8de for nogle \u00e5r siden, han havde den p\u00e5 den sidste gang, han var med i butikker, og jeg fandt bon&#8217;en i lommen\u00a0fra det LEGO han k\u00f8bte sammen med Ebbe! Eller den\u00a0vest, jeg lavede til ham p\u00e5 opfordring! Det er kun 2 \u00e5r siden, og da vidste vi ikke, at han var syg. Men det kan jo ikke hj\u00e6lpe noget, det m\u00e5 hellere g\u00f8re gavn end ligge i skabet. S\u00e5 jeg har kun beholdt en ruskindsjakke, en kasket fra vores sidste ferietur med &#8220;Hurtigruten&#8221; og nogle\u00a0p\u00e6ne skjorter, som jeg selv vil sy et patchworkt\u00e6ppe af. Ja, og s\u00e5 har b\u00f8rn og b\u00f8rneb\u00f8rn jo f\u00e5et, hvad de ville have.<\/p>\n<p><a href=\"http:\/\/www.humani.dk\/\" target=\"_blank\">Br\u00e6dstrup Humanit\u00e6r Forening<\/a> er en fantastisk forening af frivillige, der g\u00f8r et k\u00e6mpe arbejde med en stadigt voksende genbrugsforretning, og som yder st\u00f8tte til s\u00e5 mange gode form\u00e5l b\u00e5de lokalt og i lande, der ikke har det s\u00e5 godt som vi. Og det er vel at m\u00e6rke p\u00e5 den direkte m\u00e5de: de tager selv ud og afleverer st\u00f8tten uden et stort og dyrt administrativt apparat! Jeg har arbejdet sammen med dem i forbindelse med de lokale bes\u00f8gsvenner, som jeg stod i spidsen for i 9 \u00e5r. I starten var de organiseret under R\u00f8de Kors, men der opstod uenighed om metoderne og frivilligheden, og R\u00f8de Kors behandlede de lokale folk meget d\u00e5rligt, s\u00e5 det endte med, at afdelingen blev nedlagt. Men s\u00e5 startede ildsj\u00e6lene bare deres egen forening, som er vokset og vokset og nyder stor respekt! DR&#8217;s &#8220;Genbrugsguld&#8221; har sendt derfra flere gange. (T\u00e6nk hvor mange penge R\u00f8de Kors g\u00e5r glip af!) Det er utroligt, hvad de kan f\u00e5 ud af det med de sm\u00e5 priser, de tager for deres ting. Dem st\u00f8tter jeg meget gerne, det samme gjorde S\u00f8ren.<\/p>\n<p>Og s\u00e5 fik jeg en overraskelse, idet naboen fortalte mig, at han havde bes\u00f8gt gravstedet i Kjellerup, og at stenen er p\u00e5 plads. Jeg troede ikke, den blev f\u00e6rdig f\u00f8r jul, for stenhuggeren, der ogs\u00e5 har en baggrund som bodyguard, har v\u00e6ret 3 uger i K\u00f8benhavn p\u00e5 sikkerhedsopgaver! Jamen, hvor blev jeg glad, da han fortalte det og ovenik\u00f8bet havde taget et billede! Han havde set mit billede <a href=\"http:\/\/www.syenlap.dk\/wp-admin\/post.php?action=edit&amp;post=4818&amp;message=1\" target=\"_blank\">her<\/a> og taget bestik af tr\u00e6et, s\u00e5 han fandt det nemt.<\/p>\n<p><a href=\"http:\/\/www.syenlap.dk\/wp-content\/uploads\/2009\/12\/gravsten-december-2009.jpg\" rel=\"lightbox[4931]\"><img loading=\"lazy\" decoding=\"async\" class=\"size-full wp-image-4936 alignleft\" title=\"gravsten december 2009\" src=\"http:\/\/www.syenlap.dk\/wp-content\/uploads\/2009\/12\/gravsten-december-2009.jpg\" alt=\"\" width=\"300\" height=\"400\" \/><\/a>Og foruden vores sned\u00e6kkede hilsner fra den dag, vi satte urnen ned, kan jeg jo se, at naboen ogs\u00e5 havde en hilsen med. Tusind tak, hvor er det s\u00f8dt af jer! Jeg kommer ikke derop f\u00f8r jul med det vejr, vi har, s\u00e5 det er rigtig dejligt at se, hvor p\u00e6nt det ser ud.<\/p>\n","protected":false},"excerpt":{"rendered":"<p>Hvor heldig kan man v\u00e6re? Da jeg kom hjem i g\u00e5r efter at have v\u00e6ret p\u00e5 posthuset med en stak julebreve og nogle sm\u00e5indk\u00f8b i REMA, havde jeg tabt min gaded\u00f8rsn\u00f8gle! Jeg havde den i jakkelommen, hvor jeg altid har &hellip; <a href=\"http:\/\/www.syenlap.dk\/?p=4931\">L\u00e6s resten <span class=\"meta-nav\">&rarr;<\/span><\/a><\/p>\n","protected":false},"author":2,"featured_media":0,"comment_status":"open","ping_status":"open","sticky":false,"template":"","format":"standard","meta":{"footnotes":""},"categories":[5,7],"tags":[],"class_list":["post-4931","post","type-post","status-publish","format-standard","hentry","category-familien","category-glder-og-sorger"],"_links":{"self":[{"href":"http:\/\/www.syenlap.dk\/index.php?rest_route=\/wp\/v2\/posts\/4931","targetHints":{"allow":["GET"]}}],"collection":[{"href":"http:\/\/www.syenlap.dk\/index.php?rest_route=\/wp\/v2\/posts"}],"about":[{"href":"http:\/\/www.syenlap.dk\/index.php?rest_route=\/wp\/v2\/types\/post"}],"author":[{"embeddable":true,"href":"http:\/\/www.syenlap.dk\/index.php?rest_route=\/wp\/v2\/users\/2"}],"replies":[{"embeddable":true,"href":"http:\/\/www.syenlap.dk\/index.php?rest_route=%2Fwp%2Fv2%2Fcomments&post=4931"}],"version-history":[{"count":0,"href":"http:\/\/www.syenlap.dk\/index.php?rest_route=\/wp\/v2\/posts\/4931\/revisions"}],"wp:attachment":[{"href":"http:\/\/www.syenlap.dk\/index.php?rest_route=%2Fwp%2Fv2%2Fmedia&parent=4931"}],"wp:term":[{"taxonomy":"category","embeddable":true,"href":"http:\/\/www.syenlap.dk\/index.php?rest_route=%2Fwp%2Fv2%2Fcategories&post=4931"},{"taxonomy":"post_tag","embeddable":true,"href":"http:\/\/www.syenlap.dk\/index.php?rest_route=%2Fwp%2Fv2%2Ftags&post=4931"}],"curies":[{"name":"wp","href":"https:\/\/api.w.org\/{rel}","templated":true}]}}